{"id":9025,"date":"2025-02-09T14:22:34","date_gmt":"2025-02-09T18:22:34","guid":{"rendered":"https:\/\/www.vert-intense.com\/?p=9025"},"modified":"2025-08-01T14:09:30","modified_gmt":"2025-08-01T18:09:30","slug":"het-carnaval-op-guadeloupe","status":"publish","type":"post","link":"https:\/\/www.vert-intense.com\/nl\/het-carnaval-op-guadeloupe\/","title":{"rendered":"Carnaval op Guadeloupe"},"content":{"rendered":"<figure class=\"wp-block-gallery has-nested-images columns-default is-cropped wp-block-gallery-1 is-layout-flex wp-block-gallery-is-layout-flex\">\n<figure class=\"wp-block-image size-large\"><img data-recalc-dims=\"1\" loading=\"lazy\" decoding=\"async\" width=\"768\" height=\"1024\" data-id=\"9538\" src=\"https:\/\/i0.wp.com\/www.vert-intense.com\/wp-content\/uploads\/2025\/02\/carnavalNUITmadras.jpg?resize=768%2C1024&#038;ssl=1\" alt=\"Guadeloupe Carnaval\" class=\"wp-image-9538\" srcset=\"https:\/\/i0.wp.com\/www.vert-intense.com\/wp-content\/uploads\/2025\/02\/carnavalNUITmadras-rotated.jpg?resize=768%2C1024&amp;ssl=1 768w, https:\/\/i0.wp.com\/www.vert-intense.com\/wp-content\/uploads\/2025\/02\/carnavalNUITmadras-rotated.jpg?resize=225%2C300&amp;ssl=1 225w, https:\/\/i0.wp.com\/www.vert-intense.com\/wp-content\/uploads\/2025\/02\/carnavalNUITmadras-rotated.jpg?resize=1152%2C1536&amp;ssl=1 1152w, https:\/\/i0.wp.com\/www.vert-intense.com\/wp-content\/uploads\/2025\/02\/carnavalNUITmadras-rotated.jpg?resize=9%2C12&amp;ssl=1 9w, https:\/\/i0.wp.com\/www.vert-intense.com\/wp-content\/uploads\/2025\/02\/carnavalNUITmadras-rotated.jpg?resize=600%2C800&amp;ssl=1 600w, https:\/\/i0.wp.com\/www.vert-intense.com\/wp-content\/uploads\/2025\/02\/carnavalNUITmadras-rotated.jpg?w=1400&amp;ssl=1 1400w\" sizes=\"(max-width: 768px) 100vw, 768px\" \/><\/figure>\n\n\n\n<figure class=\"wp-block-image size-large\"><img data-recalc-dims=\"1\" loading=\"lazy\" decoding=\"async\" width=\"442\" height=\"1024\" data-id=\"9527\" src=\"https:\/\/i0.wp.com\/www.vert-intense.com\/wp-content\/uploads\/2025\/02\/Screenshot_20250209_112058_Photos-e1739117204417-442x1024.jpg?resize=442%2C1024&#038;ssl=1\" alt=\"\" class=\"wp-image-9527\" srcset=\"https:\/\/i0.wp.com\/www.vert-intense.com\/wp-content\/uploads\/2025\/02\/Screenshot_20250209_112058_Photos-e1739117204417.jpg?resize=442%2C1024&amp;ssl=1 442w, https:\/\/i0.wp.com\/www.vert-intense.com\/wp-content\/uploads\/2025\/02\/Screenshot_20250209_112058_Photos-e1739117204417.jpg?resize=129%2C300&amp;ssl=1 129w, https:\/\/i0.wp.com\/www.vert-intense.com\/wp-content\/uploads\/2025\/02\/Screenshot_20250209_112058_Photos-e1739117204417.jpg?resize=663%2C1536&amp;ssl=1 663w, https:\/\/i0.wp.com\/www.vert-intense.com\/wp-content\/uploads\/2025\/02\/Screenshot_20250209_112058_Photos-e1739117204417.jpg?resize=5%2C12&amp;ssl=1 5w, https:\/\/i0.wp.com\/www.vert-intense.com\/wp-content\/uploads\/2025\/02\/Screenshot_20250209_112058_Photos-e1739117204417.jpg?resize=600%2C1391&amp;ssl=1 600w, https:\/\/i0.wp.com\/www.vert-intense.com\/wp-content\/uploads\/2025\/02\/Screenshot_20250209_112058_Photos-e1739117204417.jpg?w=698&amp;ssl=1 698w\" sizes=\"(max-width: 442px) 100vw, 442px\" \/><\/figure>\n<\/figure>\n\n\n\n<p>Carnaval op Guadeloupe is een van de belangrijkste en meest verwachte culturele evenementen van het jaar. Het is een feestelijke periode die muziek, dans, kostuums en tradities combineert, wat de rijke en gemengde identiteit van de archipel weerspiegelt.<\/p>\n\n\n\n<h2 class=\"wp-block-heading\" id=\"h-a-quelle-date\">Op welke datum?<\/h2>\n\n\n\n<p><\/p>\n\n\n\n<p>Carnaval op Guadeloupe begint doorgaans <strong>1 januari met een duik in zee<\/strong> : het bad is begonnen. Dit eeuwenoude ritueel, symbool van vernieuwing, markeert het begin van het jaar en de start van het Carnaval. En het eindigt op Aswoensdag, wat de intrede in de Veertig Dagen markeert.<\/p>\n\n\n\n<figure class=\"wp-block-gallery has-nested-images columns-default is-cropped wp-block-gallery-2 is-layout-flex wp-block-gallery-is-layout-flex\">\n<figure class=\"wp-block-image size-large\"><img data-recalc-dims=\"1\" loading=\"lazy\" decoding=\"async\" width=\"1024\" height=\"768\" data-id=\"6326\" src=\"https:\/\/i0.wp.com\/www.vert-intense.com\/wp-content\/uploads\/2024\/10\/20191022_124025.jpg?resize=1024%2C768&#038;ssl=1\" alt=\"Een verblijf in Les Saintes\" class=\"wp-image-6326\" srcset=\"https:\/\/i0.wp.com\/www.vert-intense.com\/wp-content\/uploads\/2024\/10\/20191022_124025-scaled.jpg?resize=1024%2C768&amp;ssl=1 1024w, https:\/\/i0.wp.com\/www.vert-intense.com\/wp-content\/uploads\/2024\/10\/20191022_124025-scaled.jpg?resize=300%2C225&amp;ssl=1 300w, https:\/\/i0.wp.com\/www.vert-intense.com\/wp-content\/uploads\/2024\/10\/20191022_124025-scaled.jpg?resize=768%2C576&amp;ssl=1 768w, https:\/\/i0.wp.com\/www.vert-intense.com\/wp-content\/uploads\/2024\/10\/20191022_124025-scaled.jpg?resize=1536%2C1152&amp;ssl=1 1536w, https:\/\/i0.wp.com\/www.vert-intense.com\/wp-content\/uploads\/2024\/10\/20191022_124025-scaled.jpg?resize=2048%2C1536&amp;ssl=1 2048w, https:\/\/i0.wp.com\/www.vert-intense.com\/wp-content\/uploads\/2024\/10\/20191022_124025-scaled.jpg?resize=16%2C12&amp;ssl=1 16w, https:\/\/i0.wp.com\/www.vert-intense.com\/wp-content\/uploads\/2024\/10\/20191022_124025-scaled.jpg?resize=600%2C450&amp;ssl=1 600w\" sizes=\"(max-width: 1000px) 100vw, 1000px\" \/><figcaption class=\"wp-element-caption\">De Caribische Zee is ideaal om te gaan zwemmen<\/figcaption><\/figure>\n\n\n\n<figure class=\"wp-block-image size-large\"><img data-recalc-dims=\"1\" loading=\"lazy\" decoding=\"async\" width=\"1024\" height=\"577\" data-id=\"3879\" src=\"https:\/\/i0.wp.com\/www.vert-intense.com\/wp-content\/uploads\/2024\/06\/CPcascadedubas.jpg?resize=1024%2C577&#038;ssl=1\" alt=\"ravijn Paradis\" class=\"wp-image-3879\" srcset=\"https:\/\/i0.wp.com\/www.vert-intense.com\/wp-content\/uploads\/2024\/06\/CPcascadedubas.jpg?resize=1024%2C577&amp;ssl=1 1024w, https:\/\/i0.wp.com\/www.vert-intense.com\/wp-content\/uploads\/2024\/06\/CPcascadedubas.jpg?resize=300%2C169&amp;ssl=1 300w, https:\/\/i0.wp.com\/www.vert-intense.com\/wp-content\/uploads\/2024\/06\/CPcascadedubas.jpg?resize=768%2C433&amp;ssl=1 768w, https:\/\/i0.wp.com\/www.vert-intense.com\/wp-content\/uploads\/2024\/06\/CPcascadedubas.jpg?resize=18%2C10&amp;ssl=1 18w, https:\/\/i0.wp.com\/www.vert-intense.com\/wp-content\/uploads\/2024\/06\/CPcascadedubas.jpg?resize=600%2C338&amp;ssl=1 600w, https:\/\/i0.wp.com\/www.vert-intense.com\/wp-content\/uploads\/2024\/06\/CPcascadedubas.jpg?w=1440&amp;ssl=1 1440w\" sizes=\"(max-width: 1000px) 100vw, 1000px\" \/><figcaption class=\"wp-element-caption\">Het begon baden kan plaatsvinden in een rivier, hier de ravijn Paradis<\/figcaption><\/figure>\n<\/figure>\n\n\n\n<p><\/p>\n\n\n\n<p><strong>De festiviteiten bereiken een hoogtepunt tijdens de vette dagen, vooral op zondag, Vette Maandag, Vette Dinsdag en Aswoensdag:<\/strong><\/p>\n\n\n\n<p><strong>Vette Zondag<\/strong> : de Grote parades in de straten van de belangrijkste steden in Pointe-\u00e0-Pitre, met praalwagens, maskers en indrukwekkende kostuums.<\/p>\n\n\n\n<p><strong>Vastenavond<\/strong> Dit is DE hoofddag in Basse-Terre, met de meest extravagante, vaak humoristische of parodische kostuums. Elke groep presenteert een specifiek thema.<\/p>\n\n\n\n<p><strong>Aswoensdag <\/strong>Het feest eindigt met de beroemde begrafenis van koning Vaval (symbool van het carnaval). De feestvierders, gekleed in zwart en rood, nemen deel aan een symbolische begrafenisceremonie en de steden vullen zich met rondtrekkende groepen, men zegt \u201cvid\u00e9\u201d.\u201d<\/p>\n\n\n\n<figure class=\"wp-block-gallery has-nested-images columns-default is-cropped wp-block-gallery-3 is-layout-flex wp-block-gallery-is-layout-flex\">\n<figure class=\"wp-block-image size-large\"><img data-recalc-dims=\"1\" loading=\"lazy\" decoding=\"async\" width=\"797\" height=\"1024\" data-id=\"9537\" src=\"https:\/\/i0.wp.com\/www.vert-intense.com\/wp-content\/uploads\/2025\/02\/carnavalROI-rotated-e1739120477110-797x1024.jpg?resize=797%2C1024&#038;ssl=1\" alt=\"De Carnavalskoning\" class=\"wp-image-9537\" srcset=\"https:\/\/i0.wp.com\/www.vert-intense.com\/wp-content\/uploads\/2025\/02\/carnavalROI-rotated-e1739120477110.jpg?resize=797%2C1024&amp;ssl=1 797w, https:\/\/i0.wp.com\/www.vert-intense.com\/wp-content\/uploads\/2025\/02\/carnavalROI-rotated-e1739120477110.jpg?resize=233%2C300&amp;ssl=1 233w, https:\/\/i0.wp.com\/www.vert-intense.com\/wp-content\/uploads\/2025\/02\/carnavalROI-rotated-e1739120477110.jpg?resize=768%2C987&amp;ssl=1 768w, https:\/\/i0.wp.com\/www.vert-intense.com\/wp-content\/uploads\/2025\/02\/carnavalROI-rotated-e1739120477110.jpg?resize=1195%2C1536&amp;ssl=1 1195w, https:\/\/i0.wp.com\/www.vert-intense.com\/wp-content\/uploads\/2025\/02\/carnavalROI-rotated-e1739120477110.jpg?resize=9%2C12&amp;ssl=1 9w, https:\/\/i0.wp.com\/www.vert-intense.com\/wp-content\/uploads\/2025\/02\/carnavalROI-rotated-e1739120477110.jpg?resize=600%2C771&amp;ssl=1 600w, https:\/\/i0.wp.com\/www.vert-intense.com\/wp-content\/uploads\/2025\/02\/carnavalROI-rotated-e1739120477110.jpg?w=1210&amp;ssl=1 1210w\" sizes=\"(max-width: 797px) 100vw, 797px\" \/><figcaption class=\"wp-element-caption\">De carnavalskoning in Basse-Terre<\/figcaption><\/figure>\n<\/figure>\n\n\n\n<h2 class=\"wp-block-heading\" id=\"h-ambiance-et-signification\"><strong>Sfeer en betekenis<\/strong><\/h2>\n\n\n\n<p>Carnaval is zowel een volksfeest als een ruimte voor maatschappijkritiek. Door middel van kostuums, liederen en dansen uiten de inwoners van Guadeloupe hun creativiteit, eren ze hun geschiedenis en behandelen ze actuele onderwerpen met humor en spot.<\/p>\n\n\n\n<h2 class=\"wp-block-heading\" id=\"h-les-different-types-de-groupe\">De verschillende soorten groepen<\/h2>\n\n\n\n<h4 class=\"wp-block-heading\" id=\"h-voici-un-apercu-des-principaux-types-de-groupes-carnavalesques-que-vous-pourrez-rencontrer-lors-des-festivites-ces-groupes-sont-le-coeur-du-carnaval-ils-se-divisent-en-differentes-categories\">Hier is een overzicht van de belangrijkste soorten carnavalsgroepen die u tijdens de festiviteiten kunt tegenkomen, deze groepen vormen het hart van carnaval. Ze zijn verdeeld in verschillende categorie\u00ebn.<\/h4>\n\n\n\n<h2 class=\"wp-block-heading\" id=\"h-les-groupes\">De groepen:<\/h2>\n\n\n\n<ul class=\"wp-block-list\">\n<li><strong>Huidgroepen<\/strong> Ge\u00efnspireerd door Afrikaanse tradities gebruiken ze drums en percussie. Deze ensembles danken hun naam aan de drums bedekt met geiten- of schapenhuid die ze gebruiken. Ze gebruiken traditionele instrumenten zoals de chacha (een soort maraca) en de lambi (schelp, omgevormd tot blaasinstrument). Hun energieke muziek, vaak gebaseerd op de ritmes \u201cgwo siwo\u201d of \u201cSen Jan\u201d, begeleidt snelle optochten genaamd \u201cd\u00e9boul\u00e9s\u201d. Tot de iconische groepen behoren Akiyo en Voukoum, en in Basse-Terre K'MARRON.<\/li>\n<\/ul>\n\n\n\n<figure class=\"wp-block-gallery has-nested-images columns-default is-cropped wp-block-gallery-4 is-layout-flex wp-block-gallery-is-layout-flex\">\n<figure class=\"wp-block-image size-large\"><img data-recalc-dims=\"1\" loading=\"lazy\" decoding=\"async\" width=\"943\" height=\"1024\" data-id=\"9535\" src=\"https:\/\/i0.wp.com\/www.vert-intense.com\/wp-content\/uploads\/2025\/02\/carnavalKAMAWON1-e1739117826554-943x1024.jpg?resize=943%2C1024&#038;ssl=1\" alt=\"carnaval Guadeloupe\" class=\"wp-image-9535\" srcset=\"https:\/\/i0.wp.com\/www.vert-intense.com\/wp-content\/uploads\/2025\/02\/carnavalKAMAWON1-e1739117826554.jpg?resize=943%2C1024&amp;ssl=1 943w, https:\/\/i0.wp.com\/www.vert-intense.com\/wp-content\/uploads\/2025\/02\/carnavalKAMAWON1-e1739117826554.jpg?resize=276%2C300&amp;ssl=1 276w, https:\/\/i0.wp.com\/www.vert-intense.com\/wp-content\/uploads\/2025\/02\/carnavalKAMAWON1-e1739117826554.jpg?resize=768%2C834&amp;ssl=1 768w, https:\/\/i0.wp.com\/www.vert-intense.com\/wp-content\/uploads\/2025\/02\/carnavalKAMAWON1-e1739117826554.jpg?resize=11%2C12&amp;ssl=1 11w, https:\/\/i0.wp.com\/www.vert-intense.com\/wp-content\/uploads\/2025\/02\/carnavalKAMAWON1-e1739117826554.jpg?resize=600%2C652&amp;ssl=1 600w, https:\/\/i0.wp.com\/www.vert-intense.com\/wp-content\/uploads\/2025\/02\/carnavalKAMAWON1-e1739117826554.jpg?w=1080&amp;ssl=1 1080w\" sizes=\"(max-width: 943px) 100vw, 943px\" \/><figcaption class=\"wp-element-caption\">opening met wierook<\/figcaption><\/figure>\n\n\n\n<figure class=\"wp-block-image size-large\"><img data-recalc-dims=\"1\" loading=\"lazy\" decoding=\"async\" width=\"921\" height=\"1024\" data-id=\"9533\" src=\"https:\/\/i0.wp.com\/www.vert-intense.com\/wp-content\/uploads\/2025\/02\/carnavalKAMAWON3-e1739117692728-921x1024.jpg?resize=921%2C1024&#038;ssl=1\" alt=\"Carnaval Guadeloupe\" class=\"wp-image-9533\" srcset=\"https:\/\/i0.wp.com\/www.vert-intense.com\/wp-content\/uploads\/2025\/02\/carnavalKAMAWON3-e1739117692728.jpg?resize=921%2C1024&amp;ssl=1 921w, https:\/\/i0.wp.com\/www.vert-intense.com\/wp-content\/uploads\/2025\/02\/carnavalKAMAWON3-e1739117692728.jpg?resize=270%2C300&amp;ssl=1 270w, https:\/\/i0.wp.com\/www.vert-intense.com\/wp-content\/uploads\/2025\/02\/carnavalKAMAWON3-e1739117692728.jpg?resize=768%2C854&amp;ssl=1 768w, https:\/\/i0.wp.com\/www.vert-intense.com\/wp-content\/uploads\/2025\/02\/carnavalKAMAWON3-e1739117692728.jpg?resize=11%2C12&amp;ssl=1 11w, https:\/\/i0.wp.com\/www.vert-intense.com\/wp-content\/uploads\/2025\/02\/carnavalKAMAWON3-e1739117692728.jpg?resize=600%2C667&amp;ssl=1 600w, https:\/\/i0.wp.com\/www.vert-intense.com\/wp-content\/uploads\/2025\/02\/carnavalKAMAWON3-e1739117692728.jpg?w=1080&amp;ssl=1 1080w\" sizes=\"(max-width: 921px) 100vw, 921px\" \/><\/figure>\n\n\n\n<figure class=\"wp-block-image size-large\"><img data-recalc-dims=\"1\" loading=\"lazy\" decoding=\"async\" width=\"704\" height=\"1024\" data-id=\"9531\" src=\"https:\/\/i0.wp.com\/www.vert-intense.com\/wp-content\/uploads\/2025\/02\/carnavalKAMAWON4-e1739117554509-704x1024.jpg?resize=704%2C1024&#038;ssl=1\" alt=\"Carnaval Guadeloupe\" class=\"wp-image-9531\" srcset=\"https:\/\/i0.wp.com\/www.vert-intense.com\/wp-content\/uploads\/2025\/02\/carnavalKAMAWON4-e1739117554509.jpg?resize=704%2C1024&amp;ssl=1 704w, https:\/\/i0.wp.com\/www.vert-intense.com\/wp-content\/uploads\/2025\/02\/carnavalKAMAWON4-e1739117554509.jpg?resize=206%2C300&amp;ssl=1 206w, https:\/\/i0.wp.com\/www.vert-intense.com\/wp-content\/uploads\/2025\/02\/carnavalKAMAWON4-e1739117554509.jpg?resize=768%2C1117&amp;ssl=1 768w, https:\/\/i0.wp.com\/www.vert-intense.com\/wp-content\/uploads\/2025\/02\/carnavalKAMAWON4-e1739117554509.jpg?resize=1056%2C1536&amp;ssl=1 1056w, https:\/\/i0.wp.com\/www.vert-intense.com\/wp-content\/uploads\/2025\/02\/carnavalKAMAWON4-e1739117554509.jpg?resize=8%2C12&amp;ssl=1 8w, https:\/\/i0.wp.com\/www.vert-intense.com\/wp-content\/uploads\/2025\/02\/carnavalKAMAWON4-e1739117554509.jpg?resize=600%2C873&amp;ssl=1 600w, https:\/\/i0.wp.com\/www.vert-intense.com\/wp-content\/uploads\/2025\/02\/carnavalKAMAWON4-e1739117554509.jpg?w=1080&amp;ssl=1 1080w\" sizes=\"(max-width: 704px) 100vw, 704px\" \/><\/figure>\n<\/figure>\n\n\n\n<ul class=\"wp-block-list\">\n<li><strong>Groepen met heldere kassen<\/strong> : Meer modern geworden, bevatten ze gevarieerde instrumenten en zetten ze uitgebreide choreografie\u00ebn in de kijker. Herkenbaar aan hun kleurrijke kostuums, integreren deze groepen instrumenten zoals de kleine trom en soms kopersecties, wat doet denken aan de klanken van het Carnaval van Rio. Hun gesynchroniseerde choreografie\u00ebn en het gebruik van versierde praalwagens voegen een spectaculaire dimensie toe aan hun optredens. Opmerkelijke groepen zijn Toumblack TNS, Magma de Basse-Terre en Double Face de Pointe-\u00e0-Pitre.<\/li>\n<\/ul>\n\n\n\n<figure class=\"wp-block-gallery has-nested-images columns-default is-cropped wp-block-gallery-5 is-layout-flex wp-block-gallery-is-layout-flex\">\n<figure class=\"wp-block-image size-large\"><img data-recalc-dims=\"1\" loading=\"lazy\" decoding=\"async\" width=\"800\" height=\"1024\" data-id=\"9545\" src=\"https:\/\/i0.wp.com\/www.vert-intense.com\/wp-content\/uploads\/2025\/02\/ENFANTSCARNAVAL.jpg?resize=800%2C1024&#038;ssl=1\" alt=\"Carnaval en kleur\" class=\"wp-image-9545\" srcset=\"https:\/\/i0.wp.com\/www.vert-intense.com\/wp-content\/uploads\/2025\/02\/ENFANTSCARNAVAL.jpg?resize=800%2C1024&amp;ssl=1 800w, https:\/\/i0.wp.com\/www.vert-intense.com\/wp-content\/uploads\/2025\/02\/ENFANTSCARNAVAL.jpg?resize=234%2C300&amp;ssl=1 234w, https:\/\/i0.wp.com\/www.vert-intense.com\/wp-content\/uploads\/2025\/02\/ENFANTSCARNAVAL.jpg?resize=768%2C983&amp;ssl=1 768w, https:\/\/i0.wp.com\/www.vert-intense.com\/wp-content\/uploads\/2025\/02\/ENFANTSCARNAVAL.jpg?resize=1200%2C1536&amp;ssl=1 1200w, https:\/\/i0.wp.com\/www.vert-intense.com\/wp-content\/uploads\/2025\/02\/ENFANTSCARNAVAL.jpg?resize=9%2C12&amp;ssl=1 9w, https:\/\/i0.wp.com\/www.vert-intense.com\/wp-content\/uploads\/2025\/02\/ENFANTSCARNAVAL.jpg?resize=600%2C768&amp;ssl=1 600w, https:\/\/i0.wp.com\/www.vert-intense.com\/wp-content\/uploads\/2025\/02\/ENFANTSCARNAVAL.jpg?w=1400&amp;ssl=1 1400w\" sizes=\"(max-width: 800px) 100vw, 800px\" \/><figcaption class=\"wp-element-caption\">en kleur in de straten van Terre-de-Haut<\/figcaption><\/figure>\n\n\n\n<figure class=\"wp-block-image size-large\"><img data-recalc-dims=\"1\" loading=\"lazy\" decoding=\"async\" width=\"768\" height=\"1024\" data-id=\"9543\" src=\"https:\/\/i0.wp.com\/www.vert-intense.com\/wp-content\/uploads\/2025\/02\/carnavalLumiereTDH.jpg?resize=768%2C1024&#038;ssl=1\" alt=\"Carneval Terre-de-Haut &#039;s nachts\" class=\"wp-image-9543\" srcset=\"https:\/\/i0.wp.com\/www.vert-intense.com\/wp-content\/uploads\/2025\/02\/carnavalLumiereTDH-rotated.jpg?resize=768%2C1024&amp;ssl=1 768w, https:\/\/i0.wp.com\/www.vert-intense.com\/wp-content\/uploads\/2025\/02\/carnavalLumiereTDH-rotated.jpg?resize=225%2C300&amp;ssl=1 225w, https:\/\/i0.wp.com\/www.vert-intense.com\/wp-content\/uploads\/2025\/02\/carnavalLumiereTDH-rotated.jpg?resize=1152%2C1536&amp;ssl=1 1152w, https:\/\/i0.wp.com\/www.vert-intense.com\/wp-content\/uploads\/2025\/02\/carnavalLumiereTDH-rotated.jpg?resize=9%2C12&amp;ssl=1 9w, https:\/\/i0.wp.com\/www.vert-intense.com\/wp-content\/uploads\/2025\/02\/carnavalLumiereTDH-rotated.jpg?resize=600%2C800&amp;ssl=1 600w, https:\/\/i0.wp.com\/www.vert-intense.com\/wp-content\/uploads\/2025\/02\/carnavalLumiereTDH-rotated.jpg?w=1400&amp;ssl=1 1400w\" sizes=\"(max-width: 768px) 100vw, 768px\" \/><figcaption class=\"wp-element-caption\">Carnaval<\/figcaption><\/figure>\n<\/figure>\n\n\n\n<ul class=\"wp-block-list\">\n<li><strong>De synthesizers <\/strong>ze lijken op drum- en tamboergroepen met kleurrijke en felle kostuums. Een bestelwagen met een synthesizer en luide muziek volgt hen. En soms begeleiden percussionisten hen.<\/li>\n<\/ul>\n\n\n\n<ul class=\"wp-block-list\">\n<li><strong>Massagroepen<\/strong> Met de nadruk op humor en satire, parodi\u00ebren deze groepen de actualiteit met behulp van flamboyante kostuums en expressieve maskers. Aanvankelijk hadden ze geen muzikanten. Nu worden ze vaak begeleid door instrumenten. En de \"mass\" groepen gebruiken het klappen van zwepen om hun optochten te ritmeren. Mass Moul Massif du Moule is een van de opmerkelijke vertegenwoordigers van deze stijl.<\/li>\n<\/ul>\n\n\n\n<figure class=\"wp-block-gallery has-nested-images columns-default is-cropped wp-block-gallery-6 is-layout-flex wp-block-gallery-is-layout-flex\">\n<figure class=\"wp-block-image size-large\"><img data-recalc-dims=\"1\" loading=\"lazy\" decoding=\"async\" width=\"1024\" height=\"473\" data-id=\"9536\" src=\"https:\/\/i0.wp.com\/www.vert-intense.com\/wp-content\/uploads\/2025\/02\/carnavalMASQUES.jpg?resize=1024%2C473&#038;ssl=1\" alt=\"Carnaval Guadeloupe\" class=\"wp-image-9536\" srcset=\"https:\/\/i0.wp.com\/www.vert-intense.com\/wp-content\/uploads\/2025\/02\/carnavalMASQUES.jpg?resize=1024%2C473&amp;ssl=1 1024w, https:\/\/i0.wp.com\/www.vert-intense.com\/wp-content\/uploads\/2025\/02\/carnavalMASQUES.jpg?resize=300%2C139&amp;ssl=1 300w, https:\/\/i0.wp.com\/www.vert-intense.com\/wp-content\/uploads\/2025\/02\/carnavalMASQUES.jpg?resize=768%2C355&amp;ssl=1 768w, https:\/\/i0.wp.com\/www.vert-intense.com\/wp-content\/uploads\/2025\/02\/carnavalMASQUES.jpg?resize=18%2C8&amp;ssl=1 18w, https:\/\/i0.wp.com\/www.vert-intense.com\/wp-content\/uploads\/2025\/02\/carnavalMASQUES.jpg?resize=600%2C277&amp;ssl=1 600w, https:\/\/i0.wp.com\/www.vert-intense.com\/wp-content\/uploads\/2025\/02\/carnavalMASQUES.jpg?w=1440&amp;ssl=1 1440w\" sizes=\"(max-width: 1000px) 100vw, 1000px\" \/><\/figure>\n<\/figure>\n\n\n\n<ul class=\"wp-block-list\">\n<li><strong>Moko-zombis<\/strong> Deze figuren, die op stelten lopen, voegen een spectaculair element toe aan de optochten. Hun indrukwekkende aanwezigheid en uitbundige kostuums voegen een unieke sfeer toe aan de carnavalsfestiviteiten.<\/li>\n<\/ul>\n\n\n\n<p><\/p>\n\n\n\n<h2 class=\"wp-block-heading\" id=\"h-quelques-conseils\">Enkele tips<\/h2>\n\n\n\n<h4 class=\"wp-block-heading\" id=\"h-pour-votre-organisation\">Voor uw organisatie<\/h4>\n\n\n\n<ul class=\"wp-block-list\">\n<li>Carnavalsprogramma downloaden <a href=\"https:\/\/www.guadeloupe.franceantilles.fr\/\">Frankrijk-Antillen<\/a><\/li>\n\n\n\n<li>Woon de grote parades van Dimanche Gras bij in Pointe-\u00e0-Pitre en Basse-Terre op Mardi Gras<\/li>\n\n\n\n<li>Trek lichte en comfortabele kleding aan. Het kan warm zijn, neem water mee. Het kan regenen in deze periode, een paraplu is niet overbodig.<\/li>\n\n\n\n<li>Deelnemen aan avondlijke festiviteiten, vaak met concerten en animatie.<\/li>\n\n\n\n<li>Profite pour d\u00e9guster un bokit dans les foodtrucks: Agoulou sur le champ d\u2019Arbaud de Basse-Terre<\/li>\n<\/ul>\n\n\n\n<p><\/p>\n\n\n\n<p>Het carnaval van Guadeloupe is een unieke ervaring, vol vreugde, kleuren en muziek, die perfect de feestelijke geest van het eiland belichaamt.<\/p>\n\n\n\n<p>Het Carnaval van Guadeloupe is een rijke en gevarieerde culturele uiting, met een verscheidenheid aan groepen die verschillende stijlen en tradities tentoonstellen.<\/p>\n\n\n\n<p><strong>Om volgend jaar te reserveren<\/strong> :<\/p>\n\n\n\n<p>in het zuiden van Basse-Terre <a href=\"https:\/\/www.lesbananesvertes.fr\/fr\/\">Groene Bananen<\/a><\/p>\n\n\n\n<p>op de eilanden van Les Saintes, op Terre-de-Haut: <a href=\"https:\/\/www.lapetitevilladessaintes.fr\/fr\/\">De Kleine villa van de Heiligen<\/a><\/p>\n\n\n\n<p>Om u te helpen bij het organiseren van uw verblijf: <a href=\"https:\/\/www.vert-intense.com\/nl\/\">Vert-Intense<\/a><\/p>\n\n\n\n<p><\/p>\n\n\n\n<p><\/p>","protected":false},"excerpt":{"rendered":"<p>Le carnaval en Guadeloupe est l&#8217;un des \u00e9v\u00e9nements culturels les plus importants et attendus de l&#8217;ann\u00e9e. C&#8217;est une p\u00e9riode festive qui m\u00eale musique, danse, d\u00e9guisements et traditions, refl\u00e9tant l&#8217;identit\u00e9 riche et m\u00e9tiss\u00e9e de l&#8217;archipel. A quelle date ? Le carnaval en Guadeloupe d\u00e9bute g\u00e9n\u00e9ralement le 1er janvier avec le bain en mer : le bain [&hellip;]<\/p>","protected":false},"author":7,"featured_media":9542,"comment_status":"closed","ping_status":"closed","sticky":false,"template":"","format":"standard","meta":{"_jetpack_memberships_contains_paid_content":false,"footnotes":""},"categories":[135],"tags":[],"class_list":["post-9025","post","type-post","status-publish","format-standard","has-post-thumbnail","hentry","category-guadeloupe"],"yoast_head":"<!-- This site is optimized with the Yoast SEO Premium plugin v25.3.1 (Yoast SEO v25.3.1) - https:\/\/yoast.com\/wordpress\/plugins\/seo\/ -->\n<title>Le carnaval en Guadeloupe - Vert Intense<\/title>\n<meta name=\"description\" content=\"D\u00e9couvrez le carnaval en Guadeloupe, un \u00e9v\u00e9nement vibrant m\u00ealant musique, danse et traditions culturelles captivantes.\" \/>\n<meta name=\"robots\" content=\"index, follow, max-snippet:-1, max-image-preview:large, max-video-preview:-1\" \/>\n<link rel=\"canonical\" href=\"https:\/\/www.vert-intense.com\/nl\/het-carnaval-op-guadeloupe\/\" \/>\n<meta property=\"og:locale\" content=\"nl_NL\" \/>\n<meta property=\"og:type\" content=\"article\" \/>\n<meta property=\"og:title\" content=\"Le carnaval en Guadeloupe\" \/>\n<meta property=\"og:description\" content=\"D\u00e9couvrez le carnaval en Guadeloupe, un \u00e9v\u00e9nement vibrant m\u00ealant musique, danse et traditions culturelles captivantes.\" \/>\n<meta property=\"og:url\" content=\"https:\/\/www.vert-intense.com\/nl\/het-carnaval-op-guadeloupe\/\" \/>\n<meta property=\"og:site_name\" content=\"Vert Intense\" \/>\n<meta property=\"article:publisher\" content=\"https:\/\/www.facebook.com\/vertintense\" \/>\n<meta property=\"article:published_time\" content=\"2025-02-09T18:22:34+00:00\" \/>\n<meta property=\"article:modified_time\" content=\"2025-08-01T18:09:30+00:00\" \/>\n<meta property=\"og:image\" content=\"https:\/\/www.vert-intense.com\/wp-content\/uploads\/2025\/02\/carnavalLumierejf-rotated.jpg\" \/>\n\t<meta property=\"og:image:width\" content=\"1400\" \/>\n\t<meta property=\"og:image:height\" content=\"1867\" \/>\n\t<meta property=\"og:image:type\" content=\"image\/jpeg\" \/>\n<meta name=\"author\" content=\"Laurence BARRET\" \/>\n<meta name=\"twitter:card\" content=\"summary_large_image\" \/>\n<meta name=\"twitter:label1\" content=\"Geschreven door\" \/>\n\t<meta name=\"twitter:data1\" content=\"Laurence BARRET\" \/>\n\t<meta name=\"twitter:label2\" content=\"Geschatte leestijd\" \/>\n\t<meta name=\"twitter:data2\" content=\"7 minuten\" \/>\n<script type=\"application\/ld+json\" class=\"yoast-schema-graph\">{\"@context\":\"https:\/\/schema.org\",\"@graph\":[{\"@type\":\"Article\",\"@id\":\"https:\/\/www.vert-intense.com\/le-carnaval-en-guadeloupe\/#article\",\"isPartOf\":{\"@id\":\"https:\/\/www.vert-intense.com\/le-carnaval-en-guadeloupe\/\"},\"author\":{\"name\":\"Laurence BARRET\",\"@id\":\"https:\/\/www.vert-intense.com\/#\/schema\/person\/8a638fefcacbfbb921f1efcc15cb9d2a\"},\"headline\":\"Le carnaval en Guadeloupe\",\"datePublished\":\"2025-02-09T18:22:34+00:00\",\"dateModified\":\"2025-08-01T18:09:30+00:00\",\"mainEntityOfPage\":{\"@id\":\"https:\/\/www.vert-intense.com\/le-carnaval-en-guadeloupe\/\"},\"wordCount\":851,\"publisher\":{\"@id\":\"https:\/\/www.vert-intense.com\/#organization\"},\"image\":{\"@id\":\"https:\/\/www.vert-intense.com\/le-carnaval-en-guadeloupe\/#primaryimage\"},\"thumbnailUrl\":\"https:\/\/i0.wp.com\/www.vert-intense.com\/wp-content\/uploads\/2025\/02\/carnavalLumierejf-rotated.jpg?fit=1400%2C1867&ssl=1\",\"articleSection\":[\"Guadeloupe\"],\"inLanguage\":\"nl-NL\"},{\"@type\":\"WebPage\",\"@id\":\"https:\/\/www.vert-intense.com\/le-carnaval-en-guadeloupe\/\",\"url\":\"https:\/\/www.vert-intense.com\/le-carnaval-en-guadeloupe\/\",\"name\":\"Le carnaval en Guadeloupe - Vert Intense\",\"isPartOf\":{\"@id\":\"https:\/\/www.vert-intense.com\/#website\"},\"primaryImageOfPage\":{\"@id\":\"https:\/\/www.vert-intense.com\/le-carnaval-en-guadeloupe\/#primaryimage\"},\"image\":{\"@id\":\"https:\/\/www.vert-intense.com\/le-carnaval-en-guadeloupe\/#primaryimage\"},\"thumbnailUrl\":\"https:\/\/i0.wp.com\/www.vert-intense.com\/wp-content\/uploads\/2025\/02\/carnavalLumierejf-rotated.jpg?fit=1400%2C1867&ssl=1\",\"datePublished\":\"2025-02-09T18:22:34+00:00\",\"dateModified\":\"2025-08-01T18:09:30+00:00\",\"description\":\"D\u00e9couvrez le carnaval en Guadeloupe, un \u00e9v\u00e9nement vibrant m\u00ealant musique, danse et traditions culturelles captivantes.\",\"breadcrumb\":{\"@id\":\"https:\/\/www.vert-intense.com\/le-carnaval-en-guadeloupe\/#breadcrumb\"},\"inLanguage\":\"nl-NL\",\"potentialAction\":[{\"@type\":\"ReadAction\",\"target\":[\"https:\/\/www.vert-intense.com\/le-carnaval-en-guadeloupe\/\"]}]},{\"@type\":\"ImageObject\",\"inLanguage\":\"nl-NL\",\"@id\":\"https:\/\/www.vert-intense.com\/le-carnaval-en-guadeloupe\/#primaryimage\",\"url\":\"https:\/\/i0.wp.com\/www.vert-intense.com\/wp-content\/uploads\/2025\/02\/carnavalLumierejf-rotated.jpg?fit=1400%2C1867&ssl=1\",\"contentUrl\":\"https:\/\/i0.wp.com\/www.vert-intense.com\/wp-content\/uploads\/2025\/02\/carnavalLumierejf-rotated.jpg?fit=1400%2C1867&ssl=1\",\"width\":1400,\"height\":1867,\"caption\":\"Carnaval des Lumi\u00e8re\"},{\"@type\":\"BreadcrumbList\",\"@id\":\"https:\/\/www.vert-intense.com\/le-carnaval-en-guadeloupe\/#breadcrumb\",\"itemListElement\":[{\"@type\":\"ListItem\",\"position\":1,\"name\":\"Accueil\",\"item\":\"https:\/\/www.vert-intense.com\/\"},{\"@type\":\"ListItem\",\"position\":2,\"name\":\"Le carnaval en Guadeloupe\"}]},{\"@type\":\"WebSite\",\"@id\":\"https:\/\/www.vert-intense.com\/#website\",\"url\":\"https:\/\/www.vert-intense.com\/\",\"name\":\"Vert-Intense\",\"description\":\"R\u00e9servez vos activit\u00e9s d\u00e9couvertes en Guadeloupe\",\"publisher\":{\"@id\":\"https:\/\/www.vert-intense.com\/#organization\"},\"potentialAction\":[{\"@type\":\"SearchAction\",\"target\":{\"@type\":\"EntryPoint\",\"urlTemplate\":\"https:\/\/www.vert-intense.com\/?s={search_term_string}\"},\"query-input\":{\"@type\":\"PropertyValueSpecification\",\"valueRequired\":true,\"valueName\":\"search_term_string\"}}],\"inLanguage\":\"nl-NL\"},{\"@type\":\"Organization\",\"@id\":\"https:\/\/www.vert-intense.com\/#organization\",\"name\":\"Vert-Intense\",\"url\":\"https:\/\/www.vert-intense.com\/\",\"logo\":{\"@type\":\"ImageObject\",\"inLanguage\":\"nl-NL\",\"@id\":\"https:\/\/www.vert-intense.com\/#\/schema\/logo\/image\/\",\"url\":\"https:\/\/i0.wp.com\/www.vert-intense.com\/wp-content\/uploads\/2023\/07\/logo.png?fit=960%2C960&ssl=1\",\"contentUrl\":\"https:\/\/i0.wp.com\/www.vert-intense.com\/wp-content\/uploads\/2023\/07\/logo.png?fit=960%2C960&ssl=1\",\"width\":960,\"height\":960,\"caption\":\"Vert-Intense\"},\"image\":{\"@id\":\"https:\/\/www.vert-intense.com\/#\/schema\/logo\/image\/\"},\"sameAs\":[\"https:\/\/www.facebook.com\/vertintense\",\"https:\/\/www.tripadvisor.fr\/Attraction_Review-g1644623-d1649481-Reviews-Vert_Intense-Saint_Claude_Basse_Terre_Island_Guadeloupe.html\",\"https:\/\/www.tiktok.com\/@vertintense\",\"https:\/\/www.instagram.com\/vertintenseguadeloupe\/\",\"https:\/\/www.youtube.com\/channel\/UCRymXR1Pa7n50AOgFy9n3bA\"]},{\"@type\":\"Person\",\"@id\":\"https:\/\/www.vert-intense.com\/#\/schema\/person\/8a638fefcacbfbb921f1efcc15cb9d2a\",\"name\":\"Laurence BARRET\",\"image\":{\"@type\":\"ImageObject\",\"inLanguage\":\"nl-NL\",\"@id\":\"https:\/\/www.vert-intense.com\/#\/schema\/person\/image\/\",\"url\":\"https:\/\/secure.gravatar.com\/avatar\/77cb14d7ce39170787b462fbab96bf8c?s=96&d=mm&r=g\",\"contentUrl\":\"https:\/\/secure.gravatar.com\/avatar\/77cb14d7ce39170787b462fbab96bf8c?s=96&d=mm&r=g\",\"caption\":\"Laurence BARRET\"},\"url\":\"https:\/\/www.vert-intense.com\/nl\/author\/laurence\/\"}]}<\/script>\n<!-- \/ Yoast SEO Premium plugin. -->","yoast_head_json":{"title":"Het carnaval op Guadeloupe - Intense Vibes","description":"Ontdek het carnaval op Guadeloupe, een bruisend evenement dat muziek, dans en boeiende culturele tradities combineert.","robots":{"index":"index","follow":"follow","max-snippet":"max-snippet:-1","max-image-preview":"max-image-preview:large","max-video-preview":"max-video-preview:-1"},"canonical":"https:\/\/www.vert-intense.com\/nl\/het-carnaval-op-guadeloupe\/","og_locale":"nl_NL","og_type":"article","og_title":"Le carnaval en Guadeloupe","og_description":"D\u00e9couvrez le carnaval en Guadeloupe, un \u00e9v\u00e9nement vibrant m\u00ealant musique, danse et traditions culturelles captivantes.","og_url":"https:\/\/www.vert-intense.com\/nl\/het-carnaval-op-guadeloupe\/","og_site_name":"Vert Intense","article_publisher":"https:\/\/www.facebook.com\/vertintense","article_published_time":"2025-02-09T18:22:34+00:00","article_modified_time":"2025-08-01T18:09:30+00:00","og_image":[{"width":1400,"height":1867,"url":"https:\/\/www.vert-intense.com\/wp-content\/uploads\/2025\/02\/carnavalLumierejf-rotated.jpg","type":"image\/jpeg"}],"author":"Laurence BARRET","twitter_card":"summary_large_image","twitter_misc":{"Geschreven door":"Laurence BARRET","Geschatte leestijd":"7 minuten"},"schema":{"@context":"https:\/\/schema.org","@graph":[{"@type":"Article","@id":"https:\/\/www.vert-intense.com\/le-carnaval-en-guadeloupe\/#article","isPartOf":{"@id":"https:\/\/www.vert-intense.com\/le-carnaval-en-guadeloupe\/"},"author":{"name":"Laurence BARRET","@id":"https:\/\/www.vert-intense.com\/#\/schema\/person\/8a638fefcacbfbb921f1efcc15cb9d2a"},"headline":"Le carnaval en Guadeloupe","datePublished":"2025-02-09T18:22:34+00:00","dateModified":"2025-08-01T18:09:30+00:00","mainEntityOfPage":{"@id":"https:\/\/www.vert-intense.com\/le-carnaval-en-guadeloupe\/"},"wordCount":851,"publisher":{"@id":"https:\/\/www.vert-intense.com\/#organization"},"image":{"@id":"https:\/\/www.vert-intense.com\/le-carnaval-en-guadeloupe\/#primaryimage"},"thumbnailUrl":"https:\/\/i0.wp.com\/www.vert-intense.com\/wp-content\/uploads\/2025\/02\/carnavalLumierejf-rotated.jpg?fit=1400%2C1867&ssl=1","articleSection":["Guadeloupe"],"inLanguage":"nl-NL"},{"@type":"WebPage","@id":"https:\/\/www.vert-intense.com\/le-carnaval-en-guadeloupe\/","url":"https:\/\/www.vert-intense.com\/le-carnaval-en-guadeloupe\/","name":"Het carnaval op Guadeloupe - Intense Vibes","isPartOf":{"@id":"https:\/\/www.vert-intense.com\/#website"},"primaryImageOfPage":{"@id":"https:\/\/www.vert-intense.com\/le-carnaval-en-guadeloupe\/#primaryimage"},"image":{"@id":"https:\/\/www.vert-intense.com\/le-carnaval-en-guadeloupe\/#primaryimage"},"thumbnailUrl":"https:\/\/i0.wp.com\/www.vert-intense.com\/wp-content\/uploads\/2025\/02\/carnavalLumierejf-rotated.jpg?fit=1400%2C1867&ssl=1","datePublished":"2025-02-09T18:22:34+00:00","dateModified":"2025-08-01T18:09:30+00:00","description":"Ontdek het carnaval op Guadeloupe, een bruisend evenement dat muziek, dans en boeiende culturele tradities combineert.","breadcrumb":{"@id":"https:\/\/www.vert-intense.com\/le-carnaval-en-guadeloupe\/#breadcrumb"},"inLanguage":"nl-NL","potentialAction":[{"@type":"ReadAction","target":["https:\/\/www.vert-intense.com\/le-carnaval-en-guadeloupe\/"]}]},{"@type":"ImageObject","inLanguage":"nl-NL","@id":"https:\/\/www.vert-intense.com\/le-carnaval-en-guadeloupe\/#primaryimage","url":"https:\/\/i0.wp.com\/www.vert-intense.com\/wp-content\/uploads\/2025\/02\/carnavalLumierejf-rotated.jpg?fit=1400%2C1867&ssl=1","contentUrl":"https:\/\/i0.wp.com\/www.vert-intense.com\/wp-content\/uploads\/2025\/02\/carnavalLumierejf-rotated.jpg?fit=1400%2C1867&ssl=1","width":1400,"height":1867,"caption":"Carnaval des Lumi\u00e8re"},{"@type":"BreadcrumbList","@id":"https:\/\/www.vert-intense.com\/le-carnaval-en-guadeloupe\/#breadcrumb","itemListElement":[{"@type":"ListItem","position":1,"name":"Accueil","item":"https:\/\/www.vert-intense.com\/"},{"@type":"ListItem","position":2,"name":"Le carnaval en Guadeloupe"}]},{"@type":"WebSite","@id":"https:\/\/www.vert-intense.com\/#website","url":"https:\/\/www.vert-intense.com\/","name":"Vert-Intense","description":"Boek je ontdekkingsactiviteiten in Guadeloupe","publisher":{"@id":"https:\/\/www.vert-intense.com\/#organization"},"potentialAction":[{"@type":"SearchAction","target":{"@type":"EntryPoint","urlTemplate":"https:\/\/www.vert-intense.com\/?s={search_term_string}"},"query-input":{"@type":"PropertyValueSpecification","valueRequired":true,"valueName":"search_term_string"}}],"inLanguage":"nl-NL"},{"@type":"Organization","@id":"https:\/\/www.vert-intense.com\/#organization","name":"Vert-Intense","url":"https:\/\/www.vert-intense.com\/","logo":{"@type":"ImageObject","inLanguage":"nl-NL","@id":"https:\/\/www.vert-intense.com\/#\/schema\/logo\/image\/","url":"https:\/\/i0.wp.com\/www.vert-intense.com\/wp-content\/uploads\/2023\/07\/logo.png?fit=960%2C960&ssl=1","contentUrl":"https:\/\/i0.wp.com\/www.vert-intense.com\/wp-content\/uploads\/2023\/07\/logo.png?fit=960%2C960&ssl=1","width":960,"height":960,"caption":"Vert-Intense"},"image":{"@id":"https:\/\/www.vert-intense.com\/#\/schema\/logo\/image\/"},"sameAs":["https:\/\/www.facebook.com\/vertintense","https:\/\/www.tripadvisor.fr\/Attraction_Review-g1644623-d1649481-Reviews-Vert_Intense-Saint_Claude_Basse_Terre_Island_Guadeloupe.html","https:\/\/www.tiktok.com\/@vertintense","https:\/\/www.instagram.com\/vertintenseguadeloupe\/","https:\/\/www.youtube.com\/channel\/UCRymXR1Pa7n50AOgFy9n3bA"]},{"@type":"Person","@id":"https:\/\/www.vert-intense.com\/#\/schema\/person\/8a638fefcacbfbb921f1efcc15cb9d2a","name":"Laurence BARRET","image":{"@type":"ImageObject","inLanguage":"nl-NL","@id":"https:\/\/www.vert-intense.com\/#\/schema\/person\/image\/","url":"https:\/\/secure.gravatar.com\/avatar\/77cb14d7ce39170787b462fbab96bf8c?s=96&d=mm&r=g","contentUrl":"https:\/\/secure.gravatar.com\/avatar\/77cb14d7ce39170787b462fbab96bf8c?s=96&d=mm&r=g","caption":"Laurence BARRET"},"url":"https:\/\/www.vert-intense.com\/nl\/author\/laurence\/"}]}},"jetpack_featured_media_url":"https:\/\/i0.wp.com\/www.vert-intense.com\/wp-content\/uploads\/2025\/02\/carnavalLumierejf-rotated.jpg?fit=1400%2C1867&ssl=1","jetpack_sharing_enabled":true,"_links":{"self":[{"href":"https:\/\/www.vert-intense.com\/nl\/wp-json\/wp\/v2\/posts\/9025"}],"collection":[{"href":"https:\/\/www.vert-intense.com\/nl\/wp-json\/wp\/v2\/posts"}],"about":[{"href":"https:\/\/www.vert-intense.com\/nl\/wp-json\/wp\/v2\/types\/post"}],"author":[{"embeddable":true,"href":"https:\/\/www.vert-intense.com\/nl\/wp-json\/wp\/v2\/users\/7"}],"replies":[{"embeddable":true,"href":"https:\/\/www.vert-intense.com\/nl\/wp-json\/wp\/v2\/comments?post=9025"}],"version-history":[{"count":2,"href":"https:\/\/www.vert-intense.com\/nl\/wp-json\/wp\/v2\/posts\/9025\/revisions"}],"predecessor-version":[{"id":12979,"href":"https:\/\/www.vert-intense.com\/nl\/wp-json\/wp\/v2\/posts\/9025\/revisions\/12979"}],"wp:featuredmedia":[{"embeddable":true,"href":"https:\/\/www.vert-intense.com\/nl\/wp-json\/wp\/v2\/media\/9542"}],"wp:attachment":[{"href":"https:\/\/www.vert-intense.com\/nl\/wp-json\/wp\/v2\/media?parent=9025"}],"wp:term":[{"taxonomy":"category","embeddable":true,"href":"https:\/\/www.vert-intense.com\/nl\/wp-json\/wp\/v2\/categories?post=9025"},{"taxonomy":"post_tag","embeddable":true,"href":"https:\/\/www.vert-intense.com\/nl\/wp-json\/wp\/v2\/tags?post=9025"}],"curies":[{"name":"wp","href":"https:\/\/api.w.org\/{rel}","templated":true}]}}