{"id":4162,"date":"2024-07-04T12:31:07","date_gmt":"2024-07-04T16:31:07","guid":{"rendered":"https:\/\/www.vert-intense.com\/?p=4162"},"modified":"2024-09-15T10:02:42","modified_gmt":"2024-09-15T14:02:42","slug":"wandeling-op-terre-de-haut-eiland-saintes","status":"publish","type":"post","link":"https:\/\/www.vert-intense.com\/nl\/wandeling-op-terre-de-haut-eiland-saintes\/","title":{"rendered":"Wandelen in Terre-de-Haut, Saintes-eiland"},"content":{"rendered":"<p>Tijdens je verblijf in Guadeloupe mag je de eilanden Les Saintes en de wandeling naar Terre-de-Haut niet missen. Deze eilanden geven je zin om je vakantie te verlengen!<\/p>\n\n\n\n<figure class=\"wp-block-gallery has-nested-images columns-default is-cropped wp-block-gallery-1 is-layout-flex wp-block-gallery-is-layout-flex\">\n<figure class=\"wp-block-image size-large\"><img data-recalc-dims=\"1\" loading=\"lazy\" decoding=\"async\" width=\"1024\" height=\"473\" data-id=\"4171\" src=\"https:\/\/i0.wp.com\/www.vert-intense.com\/wp-content\/uploads\/2024\/07\/TDHpointdevue.jpg?resize=1024%2C473&#038;ssl=1\" alt=\"\" class=\"wp-image-4171\" srcset=\"https:\/\/i0.wp.com\/www.vert-intense.com\/wp-content\/uploads\/2024\/07\/TDHpointdevue.jpg?resize=1024%2C473&amp;ssl=1 1024w, https:\/\/i0.wp.com\/www.vert-intense.com\/wp-content\/uploads\/2024\/07\/TDHpointdevue.jpg?resize=300%2C139&amp;ssl=1 300w, https:\/\/i0.wp.com\/www.vert-intense.com\/wp-content\/uploads\/2024\/07\/TDHpointdevue.jpg?resize=768%2C355&amp;ssl=1 768w, https:\/\/i0.wp.com\/www.vert-intense.com\/wp-content\/uploads\/2024\/07\/TDHpointdevue.jpg?resize=18%2C8&amp;ssl=1 18w, https:\/\/i0.wp.com\/www.vert-intense.com\/wp-content\/uploads\/2024\/07\/TDHpointdevue.jpg?resize=600%2C277&amp;ssl=1 600w, https:\/\/i0.wp.com\/www.vert-intense.com\/wp-content\/uploads\/2024\/07\/TDHpointdevue.jpg?w=1440&amp;ssl=1 1440w\" sizes=\"(max-width: 1000px) 100vw, 1000px\" \/><figcaption class=\"wp-element-caption\">Nokpad in Terre-de-Haut<\/figcaption><\/figure>\n<\/figure>\n\n\n\n<h5 class=\"wp-block-heading\" id=\"h-un-petit-paradis\">Een klein paradijs<\/h5>\n\n\n\n<p>Neem in het zuiden van Guadeloupe de boot van Trois-Rivi\u00e8res naar de <a href=\"https:\/\/www.ctmdeher.com\/\" target=\"_blank\" rel=\"noreferrer noopener\">CTM Deher<\/a> om de paradijselijke eilanden van Les Saintes in 20 minuten te bereiken. <br>EN je bent aangekomen in een van de mooiste baaien ter wereld!<\/p>\n\n\n\n<h5 class=\"wp-block-heading\" id=\"h-depart-en-randonnee-de-la-baie-des-saintes-pour-le-morne-morel\">Vertrek voor een wandeling van de Baie des Saintes naar Morne Morel<\/h5>\n\n\n\n<p>Vanuit Terre-de-Haut, een dorp met kleurrijke Creoolse huizen en typische West-Indische architectuur, volgen we de weg naar Fort Napol\u00e9on.<br>We slaan af richting de baai van Marigot en volgen een pad dat is uitgezet door het Conservatoire du Littoral.<\/p>\n\n\n\n<figure class=\"wp-block-gallery has-nested-images columns-default is-cropped wp-block-gallery-2 is-layout-flex wp-block-gallery-is-layout-flex\">\n<figure class=\"wp-block-image size-large\"><img data-recalc-dims=\"1\" loading=\"lazy\" decoding=\"async\" width=\"473\" height=\"1024\" data-id=\"4254\" src=\"https:\/\/i0.wp.com\/www.vert-intense.com\/wp-content\/uploads\/2024\/07\/Terre-de-Haut-debut-du-sentier-Trace-des-Cretes.jpg?resize=473%2C1024&#038;ssl=1\" alt=\"Terre-de-Haut routepunt Trace des Cr\u00eates\" class=\"wp-image-4254\" srcset=\"https:\/\/i0.wp.com\/www.vert-intense.com\/wp-content\/uploads\/2024\/07\/Terre-de-Haut-debut-du-sentier-Trace-des-Cretes-scaled.jpg?resize=473%2C1024&amp;ssl=1 473w, https:\/\/i0.wp.com\/www.vert-intense.com\/wp-content\/uploads\/2024\/07\/Terre-de-Haut-debut-du-sentier-Trace-des-Cretes-scaled.jpg?resize=139%2C300&amp;ssl=1 139w, https:\/\/i0.wp.com\/www.vert-intense.com\/wp-content\/uploads\/2024\/07\/Terre-de-Haut-debut-du-sentier-Trace-des-Cretes-scaled.jpg?resize=768%2C1662&amp;ssl=1 768w, https:\/\/i0.wp.com\/www.vert-intense.com\/wp-content\/uploads\/2024\/07\/Terre-de-Haut-debut-du-sentier-Trace-des-Cretes-scaled.jpg?resize=710%2C1536&amp;ssl=1 710w, https:\/\/i0.wp.com\/www.vert-intense.com\/wp-content\/uploads\/2024\/07\/Terre-de-Haut-debut-du-sentier-Trace-des-Cretes-scaled.jpg?resize=946%2C2048&amp;ssl=1 946w, https:\/\/i0.wp.com\/www.vert-intense.com\/wp-content\/uploads\/2024\/07\/Terre-de-Haut-debut-du-sentier-Trace-des-Cretes-scaled.jpg?resize=6%2C12&amp;ssl=1 6w, https:\/\/i0.wp.com\/www.vert-intense.com\/wp-content\/uploads\/2024\/07\/Terre-de-Haut-debut-du-sentier-Trace-des-Cretes-scaled.jpg?resize=600%2C1299&amp;ssl=1 600w, https:\/\/i0.wp.com\/www.vert-intense.com\/wp-content\/uploads\/2024\/07\/Terre-de-Haut-debut-du-sentier-Trace-des-Cretes-scaled.jpg?w=1183&amp;ssl=1 1183w\" sizes=\"(max-width: 473px) 100vw, 473px\" \/><figcaption class=\"wp-element-caption\">Terre-de-Haut routepunt Trace des Cr\u00eates<\/figcaption><\/figure>\n\n\n\n<figure class=\"wp-block-image size-large\"><img data-recalc-dims=\"1\" loading=\"lazy\" decoding=\"async\" width=\"473\" height=\"1024\" data-id=\"4238\" src=\"https:\/\/i0.wp.com\/www.vert-intense.com\/wp-content\/uploads\/2024\/07\/TDHrandonneurVertiavecvue.jpg?resize=473%2C1024&#038;ssl=1\" alt=\"Parcours Terre-de-Haut Cr\u00eates\" class=\"wp-image-4238\" srcset=\"https:\/\/i0.wp.com\/www.vert-intense.com\/wp-content\/uploads\/2024\/07\/TDHrandonneurVertiavecvue-scaled.jpg?resize=473%2C1024&amp;ssl=1 473w, https:\/\/i0.wp.com\/www.vert-intense.com\/wp-content\/uploads\/2024\/07\/TDHrandonneurVertiavecvue-scaled.jpg?resize=139%2C300&amp;ssl=1 139w, https:\/\/i0.wp.com\/www.vert-intense.com\/wp-content\/uploads\/2024\/07\/TDHrandonneurVertiavecvue-scaled.jpg?resize=768%2C1662&amp;ssl=1 768w, https:\/\/i0.wp.com\/www.vert-intense.com\/wp-content\/uploads\/2024\/07\/TDHrandonneurVertiavecvue-scaled.jpg?resize=710%2C1536&amp;ssl=1 710w, https:\/\/i0.wp.com\/www.vert-intense.com\/wp-content\/uploads\/2024\/07\/TDHrandonneurVertiavecvue-scaled.jpg?resize=946%2C2048&amp;ssl=1 946w, https:\/\/i0.wp.com\/www.vert-intense.com\/wp-content\/uploads\/2024\/07\/TDHrandonneurVertiavecvue-scaled.jpg?resize=6%2C12&amp;ssl=1 6w, https:\/\/i0.wp.com\/www.vert-intense.com\/wp-content\/uploads\/2024\/07\/TDHrandonneurVertiavecvue-scaled.jpg?resize=600%2C1299&amp;ssl=1 600w, https:\/\/i0.wp.com\/www.vert-intense.com\/wp-content\/uploads\/2024\/07\/TDHrandonneurVertiavecvue-scaled.jpg?w=1183&amp;ssl=1 1183w\" sizes=\"(max-width: 473px) 100vw, 473px\" \/><figcaption class=\"wp-element-caption\">Parcours Terre-de-Haut Cr\u00eates<\/figcaption><\/figure>\n<\/figure>\n\n\n\n<h5 class=\"wp-block-heading\" id=\"h-sur-le-sentier\">Op pad<\/h5>\n\n\n\n<p>Het klimaat op de eilanden van Saintes is droog. Het pad is over het algemeen droog met veel stenen.<br>Je moet een beetje klimmen om het pad naar de bergkam te bereiken.<br>Het eerste panoramische uitzicht is op Fort Napol\u00e9on en de baai van Les Saintes op de achtergrond.<\/p>\n\n\n\n<figure class=\"wp-block-image size-large\"><img data-recalc-dims=\"1\" loading=\"lazy\" decoding=\"async\" width=\"1024\" height=\"768\" src=\"https:\/\/i0.wp.com\/www.vert-intense.com\/wp-content\/uploads\/2024\/07\/Terre-de-Haut-Vue-panoramique.jpg?resize=1024%2C768&#038;ssl=1\" alt=\"Terre-de-Haut Panoramisch uitzicht\" class=\"wp-image-4257\" srcset=\"https:\/\/i0.wp.com\/www.vert-intense.com\/wp-content\/uploads\/2024\/07\/Terre-de-Haut-Vue-panoramique.jpg?resize=1024%2C768&amp;ssl=1 1024w, https:\/\/i0.wp.com\/www.vert-intense.com\/wp-content\/uploads\/2024\/07\/Terre-de-Haut-Vue-panoramique.jpg?resize=300%2C225&amp;ssl=1 300w, https:\/\/i0.wp.com\/www.vert-intense.com\/wp-content\/uploads\/2024\/07\/Terre-de-Haut-Vue-panoramique.jpg?resize=768%2C576&amp;ssl=1 768w, https:\/\/i0.wp.com\/www.vert-intense.com\/wp-content\/uploads\/2024\/07\/Terre-de-Haut-Vue-panoramique.jpg?resize=16%2C12&amp;ssl=1 16w, https:\/\/i0.wp.com\/www.vert-intense.com\/wp-content\/uploads\/2024\/07\/Terre-de-Haut-Vue-panoramique.jpg?resize=600%2C450&amp;ssl=1 600w, https:\/\/i0.wp.com\/www.vert-intense.com\/wp-content\/uploads\/2024\/07\/Terre-de-Haut-Vue-panoramique.jpg?w=1440&amp;ssl=1 1440w\" sizes=\"(max-width: 1000px) 100vw, 1000px\" \/><figcaption class=\"wp-element-caption\">Terre-de-haut Uitzicht op Les Saintes<\/figcaption><\/figure>\n\n\n\n<p>Onderweg komen we een aantal dieren tegen: loslopende geiten, leguanen, heremietkreeften... Een goed gevulde vijver na het regenseizoen is een redding voor al deze dieren.<\/p>\n\n\n\n<figure class=\"wp-block-gallery has-nested-images columns-default is-cropped wp-block-gallery-3 is-layout-flex wp-block-gallery-is-layout-flex\">\n<figure class=\"wp-block-image size-large\"><img data-recalc-dims=\"1\" loading=\"lazy\" decoding=\"async\" width=\"1024\" height=\"473\" data-id=\"4251\" src=\"https:\/\/i0.wp.com\/www.vert-intense.com\/wp-content\/uploads\/2024\/07\/Terre-de-Haut-cabris-gris.jpg?resize=1024%2C473&#038;ssl=1\" alt=\"Terre-de-Haut, kleine grijze geit\" class=\"wp-image-4251\" srcset=\"https:\/\/i0.wp.com\/www.vert-intense.com\/wp-content\/uploads\/2024\/07\/Terre-de-Haut-cabris-gris.jpg?resize=1024%2C473&amp;ssl=1 1024w, https:\/\/i0.wp.com\/www.vert-intense.com\/wp-content\/uploads\/2024\/07\/Terre-de-Haut-cabris-gris.jpg?resize=300%2C139&amp;ssl=1 300w, https:\/\/i0.wp.com\/www.vert-intense.com\/wp-content\/uploads\/2024\/07\/Terre-de-Haut-cabris-gris.jpg?resize=768%2C355&amp;ssl=1 768w, https:\/\/i0.wp.com\/www.vert-intense.com\/wp-content\/uploads\/2024\/07\/Terre-de-Haut-cabris-gris.jpg?resize=18%2C8&amp;ssl=1 18w, https:\/\/i0.wp.com\/www.vert-intense.com\/wp-content\/uploads\/2024\/07\/Terre-de-Haut-cabris-gris.jpg?resize=600%2C277&amp;ssl=1 600w, https:\/\/i0.wp.com\/www.vert-intense.com\/wp-content\/uploads\/2024\/07\/Terre-de-Haut-cabris-gris.jpg?w=1440&amp;ssl=1 1440w\" sizes=\"(max-width: 1000px) 100vw, 1000px\" \/><figcaption class=\"wp-element-caption\">Terre-de-Haut, kleine grijze geit<\/figcaption><\/figure>\n\n\n\n<figure class=\"wp-block-image size-large\"><img data-recalc-dims=\"1\" loading=\"lazy\" decoding=\"async\" width=\"1024\" height=\"473\" data-id=\"4250\" src=\"https:\/\/i0.wp.com\/www.vert-intense.com\/wp-content\/uploads\/2024\/07\/Terre-de-Haut-Bassin-Trace-des-Cretes.jpg?resize=1024%2C473&#038;ssl=1\" alt=\"Terre-de-Haut Bassin Trace des Cr\u00eates, de vijver\" class=\"wp-image-4250\" srcset=\"https:\/\/i0.wp.com\/www.vert-intense.com\/wp-content\/uploads\/2024\/07\/Terre-de-Haut-Bassin-Trace-des-Cretes.jpg?resize=1024%2C473&amp;ssl=1 1024w, https:\/\/i0.wp.com\/www.vert-intense.com\/wp-content\/uploads\/2024\/07\/Terre-de-Haut-Bassin-Trace-des-Cretes.jpg?resize=300%2C139&amp;ssl=1 300w, https:\/\/i0.wp.com\/www.vert-intense.com\/wp-content\/uploads\/2024\/07\/Terre-de-Haut-Bassin-Trace-des-Cretes.jpg?resize=768%2C355&amp;ssl=1 768w, https:\/\/i0.wp.com\/www.vert-intense.com\/wp-content\/uploads\/2024\/07\/Terre-de-Haut-Bassin-Trace-des-Cretes.jpg?resize=18%2C8&amp;ssl=1 18w, https:\/\/i0.wp.com\/www.vert-intense.com\/wp-content\/uploads\/2024\/07\/Terre-de-Haut-Bassin-Trace-des-Cretes.jpg?resize=600%2C277&amp;ssl=1 600w, https:\/\/i0.wp.com\/www.vert-intense.com\/wp-content\/uploads\/2024\/07\/Terre-de-Haut-Bassin-Trace-des-Cretes.jpg?w=1440&amp;ssl=1 1440w\" sizes=\"(max-width: 1000px) 100vw, 1000px\" \/><figcaption class=\"wp-element-caption\">Terre-de-Haut Bassin Trace des Cr\u00eates, de vijver<\/figcaption><\/figure>\n<\/figure>\n\n\n\n<p><\/p>\n\n\n\n<p>Een beetje meer inspanning en we bereiken de Cr\u00eates. Het uitzicht is 360\u00b0, met aan de ene kant Guadeloupe, D\u00e9sirade en Marie-Galante en aan de andere kant het eiland Dominica en onze archipel Les Saintes.<\/p>\n\n\n\n<figure class=\"wp-block-image size-large\"><img data-recalc-dims=\"1\" loading=\"lazy\" decoding=\"async\" width=\"1024\" height=\"768\" src=\"https:\/\/i0.wp.com\/www.vert-intense.com\/wp-content\/uploads\/2024\/07\/TdHvuePontpierrebanc.jpg?resize=1024%2C768&#038;ssl=1\" alt=\"\" class=\"wp-image-4239\" srcset=\"https:\/\/i0.wp.com\/www.vert-intense.com\/wp-content\/uploads\/2024\/07\/TdHvuePontpierrebanc.jpg?resize=1024%2C768&amp;ssl=1 1024w, https:\/\/i0.wp.com\/www.vert-intense.com\/wp-content\/uploads\/2024\/07\/TdHvuePontpierrebanc.jpg?resize=300%2C225&amp;ssl=1 300w, https:\/\/i0.wp.com\/www.vert-intense.com\/wp-content\/uploads\/2024\/07\/TdHvuePontpierrebanc.jpg?resize=768%2C576&amp;ssl=1 768w, https:\/\/i0.wp.com\/www.vert-intense.com\/wp-content\/uploads\/2024\/07\/TdHvuePontpierrebanc.jpg?resize=16%2C12&amp;ssl=1 16w, https:\/\/i0.wp.com\/www.vert-intense.com\/wp-content\/uploads\/2024\/07\/TdHvuePontpierrebanc.jpg?resize=600%2C450&amp;ssl=1 600w, https:\/\/i0.wp.com\/www.vert-intense.com\/wp-content\/uploads\/2024\/07\/TdHvuePontpierrebanc.jpg?w=1440&amp;ssl=1 1440w\" sizes=\"(max-width: 1000px) 100vw, 1000px\" \/><figcaption class=\"wp-element-caption\">Uitzicht op het strand van Pompierre<\/figcaption><\/figure>\n\n\n\n<h5 class=\"wp-block-heading\" id=\"h-le-fort-caroline\">Fort Caroline<\/h5>\n\n\n\n<p>Aan het einde van de Cr\u00eate, voorbij de oude geschutsbatterij, komen we aan bij Fort Caroline, gelegen op Morne Morel.<\/p>\n\n\n\n<figure class=\"wp-block-image size-large\"><img data-recalc-dims=\"1\" loading=\"lazy\" decoding=\"async\" width=\"1024\" height=\"473\" src=\"https:\/\/i0.wp.com\/www.vert-intense.com\/wp-content\/uploads\/2024\/07\/Terre-de-Haut-Fort-Caroline.jpg?resize=1024%2C473&#038;ssl=1\" alt=\"Terre-de-Haut Fort Caroline\" class=\"wp-image-4256\" srcset=\"https:\/\/i0.wp.com\/www.vert-intense.com\/wp-content\/uploads\/2024\/07\/Terre-de-Haut-Fort-Caroline.jpg?resize=1024%2C473&amp;ssl=1 1024w, https:\/\/i0.wp.com\/www.vert-intense.com\/wp-content\/uploads\/2024\/07\/Terre-de-Haut-Fort-Caroline.jpg?resize=300%2C139&amp;ssl=1 300w, https:\/\/i0.wp.com\/www.vert-intense.com\/wp-content\/uploads\/2024\/07\/Terre-de-Haut-Fort-Caroline.jpg?resize=768%2C355&amp;ssl=1 768w, https:\/\/i0.wp.com\/www.vert-intense.com\/wp-content\/uploads\/2024\/07\/Terre-de-Haut-Fort-Caroline.jpg?resize=18%2C8&amp;ssl=1 18w, https:\/\/i0.wp.com\/www.vert-intense.com\/wp-content\/uploads\/2024\/07\/Terre-de-Haut-Fort-Caroline.jpg?resize=600%2C277&amp;ssl=1 600w, https:\/\/i0.wp.com\/www.vert-intense.com\/wp-content\/uploads\/2024\/07\/Terre-de-Haut-Fort-Caroline.jpg?w=1440&amp;ssl=1 1440w\" sizes=\"(max-width: 1000px) 100vw, 1000px\" \/><figcaption class=\"wp-element-caption\">Terre-de-Haut Fort Caroline<\/figcaption><\/figure>\n\n\n\n<p>Je gids zal je met plezier het trieste verhaal vertellen van Caroline en de Chevalier de Fr\u00e9minville, onze Romeo en Julia.<\/p>\n\n\n\n<p>Terug in het dorp maak je een wandeling door de straten om de Creoolse architectuur van de huizen en de zorg die besteed is aan het harmoniseren van de kleuren te ontdekken.<br>Er zijn tal van restaurants waar verse vis wordt geserveerd en op het strand van Fond Cur\u00e9 kun je misschien zelfs de vissers zien.<\/p>\n\n\n\n<p>U wilt reserveren <a href=\"https:\/\/www.vert-intense.com\/nl\/zaken-guadeloupe\/wandelen-in-guadeloupe\/reizen-op-maat-guadeloupe\/jouw-tour\/\" target=\"_blank\" rel=\"noreferrer noopener\">een priv\u00e9gids<\/a>.<\/p>\n\n\n\n<p>Als je wilt overnachten in Les Saintes, raden we je het volgende aan <a href=\"https:\/\/www.lapetitevilladessaintes.fr\/fr\/\" target=\"_blank\" rel=\"noreferrer noopener\">de Petite Villa des Saintes<\/a>met panoramisch uitzicht. Aarzel niet om een week te blijven tijdens je volgende verblijf.<br>Slapen op Terre-de-Haut is een andere manier om het eiland te ontdekken!<\/p>\n\n\n\n<figure class=\"wp-block-image size-large\"><img data-recalc-dims=\"1\" loading=\"lazy\" decoding=\"async\" width=\"768\" height=\"1024\" src=\"https:\/\/i0.wp.com\/www.vert-intense.com\/wp-content\/uploads\/2024\/07\/Terre-de-Haut-Cocktail-les-Pieds-dans-leau.jpg?resize=768%2C1024&#038;ssl=1\" alt=\"Terre-de-Haut Cocktail les Pieds dans l&#039;eau\" class=\"wp-image-4253\" srcset=\"https:\/\/i0.wp.com\/www.vert-intense.com\/wp-content\/uploads\/2024\/07\/Terre-de-Haut-Cocktail-les-Pieds-dans-leau-rotated.jpg?resize=768%2C1024&amp;ssl=1 768w, https:\/\/i0.wp.com\/www.vert-intense.com\/wp-content\/uploads\/2024\/07\/Terre-de-Haut-Cocktail-les-Pieds-dans-leau-rotated.jpg?resize=225%2C300&amp;ssl=1 225w, https:\/\/i0.wp.com\/www.vert-intense.com\/wp-content\/uploads\/2024\/07\/Terre-de-Haut-Cocktail-les-Pieds-dans-leau-rotated.jpg?resize=1152%2C1536&amp;ssl=1 1152w, https:\/\/i0.wp.com\/www.vert-intense.com\/wp-content\/uploads\/2024\/07\/Terre-de-Haut-Cocktail-les-Pieds-dans-leau-rotated.jpg?resize=9%2C12&amp;ssl=1 9w, https:\/\/i0.wp.com\/www.vert-intense.com\/wp-content\/uploads\/2024\/07\/Terre-de-Haut-Cocktail-les-Pieds-dans-leau-rotated.jpg?resize=600%2C800&amp;ssl=1 600w, https:\/\/i0.wp.com\/www.vert-intense.com\/wp-content\/uploads\/2024\/07\/Terre-de-Haut-Cocktail-les-Pieds-dans-leau-rotated.jpg?w=1440&amp;ssl=1 1440w\" sizes=\"(max-width: 768px) 100vw, 768px\" \/><figcaption class=\"wp-element-caption\">Terre-de-Haut Cocktail les Pieds dans l'eau<\/figcaption><\/figure>","protected":false},"excerpt":{"rendered":"<p>Tijdens je verblijf in Guadeloupe mag je de eilanden Les Saintes en de wandeling naar Terre-de-Haut niet missen. Deze eilanden geven je zin om je vakantie te verlengen! Een klein paradijs In het zuiden van Guadeloupe kun je een boot nemen vanuit Trois-Rivi\u00e8res met CTM Deher om in 20 minuten bij de eilanden te komen.<\/p>","protected":false},"author":7,"featured_media":4257,"comment_status":"open","ping_status":"open","sticky":false,"template":"","format":"standard","meta":{"_jetpack_memberships_contains_paid_content":false,"footnotes":""},"categories":[124],"tags":[],"class_list":["post-4162","post","type-post","status-publish","format-standard","has-post-thumbnail","hentry","category-les-saintes"],"yoast_head":"<!-- This site is optimized with the Yoast SEO Premium plugin v25.3.1 (Yoast SEO v25.3.1) - https:\/\/yoast.com\/wordpress\/plugins\/seo\/ -->\n<title>Randonn\u00e9e \u00e0 Terre-de-Haut, \u00eele des Saintes - Vert Intense<\/title>\n<meta name=\"description\" content=\"D\u00e9couvrez la fabuleuse randonn\u00e9e \u00e0 Terre-de-Haut les Saintes en Guadeloupe. Profitez de paysages paradisiaques et d&#039;un sentier de cr\u00eate avec vues panoramiques.\" \/>\n<meta name=\"robots\" content=\"index, follow, max-snippet:-1, max-image-preview:large, max-video-preview:-1\" \/>\n<link rel=\"canonical\" href=\"https:\/\/www.vert-intense.com\/nl\/wandeling-op-terre-de-haut-eiland-saintes\/\" \/>\n<meta property=\"og:locale\" content=\"nl_NL\" \/>\n<meta property=\"og:type\" content=\"article\" \/>\n<meta property=\"og:title\" content=\"Randonn\u00e9e \u00e0 Terre-de-Haut, \u00eele des Saintes\" \/>\n<meta property=\"og:description\" content=\"D\u00e9couvrez la fabuleuse randonn\u00e9e \u00e0 Terre-de-Haut les Saintes en Guadeloupe. Profitez de paysages paradisiaques et d&#039;un sentier de cr\u00eate avec vues panoramiques.\" \/>\n<meta property=\"og:url\" content=\"https:\/\/www.vert-intense.com\/nl\/wandeling-op-terre-de-haut-eiland-saintes\/\" \/>\n<meta property=\"og:site_name\" content=\"Vert Intense\" \/>\n<meta property=\"article:publisher\" content=\"https:\/\/www.facebook.com\/vertintense\" \/>\n<meta property=\"article:published_time\" content=\"2024-07-04T16:31:07+00:00\" \/>\n<meta property=\"article:modified_time\" content=\"2024-09-15T14:02:42+00:00\" \/>\n<meta property=\"og:image\" content=\"https:\/\/www.vert-intense.com\/wp-content\/uploads\/2024\/07\/Terre-de-Haut-Vue-panoramique.jpg\" \/>\n\t<meta property=\"og:image:width\" content=\"1440\" \/>\n\t<meta property=\"og:image:height\" content=\"1080\" \/>\n\t<meta property=\"og:image:type\" content=\"image\/jpeg\" \/>\n<meta name=\"author\" content=\"Laurence BARRET\" \/>\n<meta name=\"twitter:card\" content=\"summary_large_image\" \/>\n<meta name=\"twitter:label1\" content=\"Geschreven door\" \/>\n\t<meta name=\"twitter:data1\" content=\"Laurence BARRET\" \/>\n\t<meta name=\"twitter:label2\" content=\"Geschatte leestijd\" \/>\n\t<meta name=\"twitter:data2\" content=\"5 minuten\" \/>\n<script type=\"application\/ld+json\" class=\"yoast-schema-graph\">{\"@context\":\"https:\/\/schema.org\",\"@graph\":[{\"@type\":\"Article\",\"@id\":\"https:\/\/www.vert-intense.com\/randonnee-a-terre-de-haut-ile-des-saintes\/#article\",\"isPartOf\":{\"@id\":\"https:\/\/www.vert-intense.com\/randonnee-a-terre-de-haut-ile-des-saintes\/\"},\"author\":{\"name\":\"Laurence BARRET\",\"@id\":\"https:\/\/www.vert-intense.com\/#\/schema\/person\/8a638fefcacbfbb921f1efcc15cb9d2a\"},\"headline\":\"Randonn\u00e9e \u00e0 Terre-de-Haut, \u00eele des Saintes\",\"datePublished\":\"2024-07-04T16:31:07+00:00\",\"dateModified\":\"2024-09-15T14:02:42+00:00\",\"mainEntityOfPage\":{\"@id\":\"https:\/\/www.vert-intense.com\/randonnee-a-terre-de-haut-ile-des-saintes\/\"},\"wordCount\":479,\"commentCount\":0,\"publisher\":{\"@id\":\"https:\/\/www.vert-intense.com\/#organization\"},\"image\":{\"@id\":\"https:\/\/www.vert-intense.com\/randonnee-a-terre-de-haut-ile-des-saintes\/#primaryimage\"},\"thumbnailUrl\":\"https:\/\/i0.wp.com\/www.vert-intense.com\/wp-content\/uploads\/2024\/07\/Terre-de-Haut-Vue-panoramique.jpg?fit=1440%2C1080&ssl=1\",\"articleSection\":[\"Les Saintes\"],\"inLanguage\":\"nl-NL\",\"potentialAction\":[{\"@type\":\"CommentAction\",\"name\":\"Comment\",\"target\":[\"https:\/\/www.vert-intense.com\/randonnee-a-terre-de-haut-ile-des-saintes\/#respond\"]}]},{\"@type\":\"WebPage\",\"@id\":\"https:\/\/www.vert-intense.com\/randonnee-a-terre-de-haut-ile-des-saintes\/\",\"url\":\"https:\/\/www.vert-intense.com\/randonnee-a-terre-de-haut-ile-des-saintes\/\",\"name\":\"Randonn\u00e9e \u00e0 Terre-de-Haut, \u00eele des Saintes - Vert Intense\",\"isPartOf\":{\"@id\":\"https:\/\/www.vert-intense.com\/#website\"},\"primaryImageOfPage\":{\"@id\":\"https:\/\/www.vert-intense.com\/randonnee-a-terre-de-haut-ile-des-saintes\/#primaryimage\"},\"image\":{\"@id\":\"https:\/\/www.vert-intense.com\/randonnee-a-terre-de-haut-ile-des-saintes\/#primaryimage\"},\"thumbnailUrl\":\"https:\/\/i0.wp.com\/www.vert-intense.com\/wp-content\/uploads\/2024\/07\/Terre-de-Haut-Vue-panoramique.jpg?fit=1440%2C1080&ssl=1\",\"datePublished\":\"2024-07-04T16:31:07+00:00\",\"dateModified\":\"2024-09-15T14:02:42+00:00\",\"description\":\"D\u00e9couvrez la fabuleuse randonn\u00e9e \u00e0 Terre-de-Haut les Saintes en Guadeloupe. Profitez de paysages paradisiaques et d'un sentier de cr\u00eate avec vues panoramiques.\",\"breadcrumb\":{\"@id\":\"https:\/\/www.vert-intense.com\/randonnee-a-terre-de-haut-ile-des-saintes\/#breadcrumb\"},\"inLanguage\":\"nl-NL\",\"potentialAction\":[{\"@type\":\"ReadAction\",\"target\":[\"https:\/\/www.vert-intense.com\/randonnee-a-terre-de-haut-ile-des-saintes\/\"]}]},{\"@type\":\"ImageObject\",\"inLanguage\":\"nl-NL\",\"@id\":\"https:\/\/www.vert-intense.com\/randonnee-a-terre-de-haut-ile-des-saintes\/#primaryimage\",\"url\":\"https:\/\/i0.wp.com\/www.vert-intense.com\/wp-content\/uploads\/2024\/07\/Terre-de-Haut-Vue-panoramique.jpg?fit=1440%2C1080&ssl=1\",\"contentUrl\":\"https:\/\/i0.wp.com\/www.vert-intense.com\/wp-content\/uploads\/2024\/07\/Terre-de-Haut-Vue-panoramique.jpg?fit=1440%2C1080&ssl=1\",\"width\":1440,\"height\":1080,\"caption\":\"Terre-de-haut Vue sur les Saintes\"},{\"@type\":\"BreadcrumbList\",\"@id\":\"https:\/\/www.vert-intense.com\/randonnee-a-terre-de-haut-ile-des-saintes\/#breadcrumb\",\"itemListElement\":[{\"@type\":\"ListItem\",\"position\":1,\"name\":\"Accueil\",\"item\":\"https:\/\/www.vert-intense.com\/\"},{\"@type\":\"ListItem\",\"position\":2,\"name\":\"Randonn\u00e9e \u00e0 Terre-de-Haut, \u00eele des Saintes\"}]},{\"@type\":\"WebSite\",\"@id\":\"https:\/\/www.vert-intense.com\/#website\",\"url\":\"https:\/\/www.vert-intense.com\/\",\"name\":\"Vert-Intense\",\"description\":\"R\u00e9servez vos activit\u00e9s d\u00e9couvertes en Guadeloupe\",\"publisher\":{\"@id\":\"https:\/\/www.vert-intense.com\/#organization\"},\"potentialAction\":[{\"@type\":\"SearchAction\",\"target\":{\"@type\":\"EntryPoint\",\"urlTemplate\":\"https:\/\/www.vert-intense.com\/?s={search_term_string}\"},\"query-input\":{\"@type\":\"PropertyValueSpecification\",\"valueRequired\":true,\"valueName\":\"search_term_string\"}}],\"inLanguage\":\"nl-NL\"},{\"@type\":\"Organization\",\"@id\":\"https:\/\/www.vert-intense.com\/#organization\",\"name\":\"Vert-Intense\",\"url\":\"https:\/\/www.vert-intense.com\/\",\"logo\":{\"@type\":\"ImageObject\",\"inLanguage\":\"nl-NL\",\"@id\":\"https:\/\/www.vert-intense.com\/#\/schema\/logo\/image\/\",\"url\":\"https:\/\/i0.wp.com\/www.vert-intense.com\/wp-content\/uploads\/2023\/07\/logo.png?fit=960%2C960&ssl=1\",\"contentUrl\":\"https:\/\/i0.wp.com\/www.vert-intense.com\/wp-content\/uploads\/2023\/07\/logo.png?fit=960%2C960&ssl=1\",\"width\":960,\"height\":960,\"caption\":\"Vert-Intense\"},\"image\":{\"@id\":\"https:\/\/www.vert-intense.com\/#\/schema\/logo\/image\/\"},\"sameAs\":[\"https:\/\/www.facebook.com\/vertintense\",\"https:\/\/www.tripadvisor.fr\/Attraction_Review-g1644623-d1649481-Reviews-Vert_Intense-Saint_Claude_Basse_Terre_Island_Guadeloupe.html\",\"https:\/\/www.tiktok.com\/@vertintense\",\"https:\/\/www.instagram.com\/vertintenseguadeloupe\/\",\"https:\/\/www.youtube.com\/channel\/UCRymXR1Pa7n50AOgFy9n3bA\"]},{\"@type\":\"Person\",\"@id\":\"https:\/\/www.vert-intense.com\/#\/schema\/person\/8a638fefcacbfbb921f1efcc15cb9d2a\",\"name\":\"Laurence BARRET\",\"image\":{\"@type\":\"ImageObject\",\"inLanguage\":\"nl-NL\",\"@id\":\"https:\/\/www.vert-intense.com\/#\/schema\/person\/image\/\",\"url\":\"https:\/\/secure.gravatar.com\/avatar\/77cb14d7ce39170787b462fbab96bf8c?s=96&d=mm&r=g\",\"contentUrl\":\"https:\/\/secure.gravatar.com\/avatar\/77cb14d7ce39170787b462fbab96bf8c?s=96&d=mm&r=g\",\"caption\":\"Laurence BARRET\"},\"url\":\"https:\/\/www.vert-intense.com\/nl\/author\/laurence\/\"}]}<\/script>\n<!-- \/ Yoast SEO Premium plugin. -->","yoast_head_json":{"title":"Wandelen in Terre-de-Haut, Saintes-eiland - Intensief wandelen","description":"Ontdek de fantastische wandeling in Terre-de-Haut les Saintes in Guadeloupe. Geniet van paradijselijke landschappen en een bergkampad met panoramisch uitzicht.","robots":{"index":"index","follow":"follow","max-snippet":"max-snippet:-1","max-image-preview":"max-image-preview:large","max-video-preview":"max-video-preview:-1"},"canonical":"https:\/\/www.vert-intense.com\/nl\/wandeling-op-terre-de-haut-eiland-saintes\/","og_locale":"nl_NL","og_type":"article","og_title":"Randonn\u00e9e \u00e0 Terre-de-Haut, \u00eele des Saintes","og_description":"D\u00e9couvrez la fabuleuse randonn\u00e9e \u00e0 Terre-de-Haut les Saintes en Guadeloupe. Profitez de paysages paradisiaques et d'un sentier de cr\u00eate avec vues panoramiques.","og_url":"https:\/\/www.vert-intense.com\/nl\/wandeling-op-terre-de-haut-eiland-saintes\/","og_site_name":"Vert Intense","article_publisher":"https:\/\/www.facebook.com\/vertintense","article_published_time":"2024-07-04T16:31:07+00:00","article_modified_time":"2024-09-15T14:02:42+00:00","og_image":[{"width":1440,"height":1080,"url":"https:\/\/www.vert-intense.com\/wp-content\/uploads\/2024\/07\/Terre-de-Haut-Vue-panoramique.jpg","type":"image\/jpeg"}],"author":"Laurence BARRET","twitter_card":"summary_large_image","twitter_misc":{"Geschreven door":"Laurence BARRET","Geschatte leestijd":"5 minuten"},"schema":{"@context":"https:\/\/schema.org","@graph":[{"@type":"Article","@id":"https:\/\/www.vert-intense.com\/randonnee-a-terre-de-haut-ile-des-saintes\/#article","isPartOf":{"@id":"https:\/\/www.vert-intense.com\/randonnee-a-terre-de-haut-ile-des-saintes\/"},"author":{"name":"Laurence BARRET","@id":"https:\/\/www.vert-intense.com\/#\/schema\/person\/8a638fefcacbfbb921f1efcc15cb9d2a"},"headline":"Randonn\u00e9e \u00e0 Terre-de-Haut, \u00eele des Saintes","datePublished":"2024-07-04T16:31:07+00:00","dateModified":"2024-09-15T14:02:42+00:00","mainEntityOfPage":{"@id":"https:\/\/www.vert-intense.com\/randonnee-a-terre-de-haut-ile-des-saintes\/"},"wordCount":479,"commentCount":0,"publisher":{"@id":"https:\/\/www.vert-intense.com\/#organization"},"image":{"@id":"https:\/\/www.vert-intense.com\/randonnee-a-terre-de-haut-ile-des-saintes\/#primaryimage"},"thumbnailUrl":"https:\/\/i0.wp.com\/www.vert-intense.com\/wp-content\/uploads\/2024\/07\/Terre-de-Haut-Vue-panoramique.jpg?fit=1440%2C1080&ssl=1","articleSection":["Les Saintes"],"inLanguage":"nl-NL","potentialAction":[{"@type":"CommentAction","name":"Comment","target":["https:\/\/www.vert-intense.com\/randonnee-a-terre-de-haut-ile-des-saintes\/#respond"]}]},{"@type":"WebPage","@id":"https:\/\/www.vert-intense.com\/randonnee-a-terre-de-haut-ile-des-saintes\/","url":"https:\/\/www.vert-intense.com\/randonnee-a-terre-de-haut-ile-des-saintes\/","name":"Wandelen in Terre-de-Haut, Saintes-eiland - Intensief wandelen","isPartOf":{"@id":"https:\/\/www.vert-intense.com\/#website"},"primaryImageOfPage":{"@id":"https:\/\/www.vert-intense.com\/randonnee-a-terre-de-haut-ile-des-saintes\/#primaryimage"},"image":{"@id":"https:\/\/www.vert-intense.com\/randonnee-a-terre-de-haut-ile-des-saintes\/#primaryimage"},"thumbnailUrl":"https:\/\/i0.wp.com\/www.vert-intense.com\/wp-content\/uploads\/2024\/07\/Terre-de-Haut-Vue-panoramique.jpg?fit=1440%2C1080&ssl=1","datePublished":"2024-07-04T16:31:07+00:00","dateModified":"2024-09-15T14:02:42+00:00","description":"Ontdek de fantastische wandeling in Terre-de-Haut les Saintes in Guadeloupe. Geniet van paradijselijke landschappen en een bergkampad met panoramisch uitzicht.","breadcrumb":{"@id":"https:\/\/www.vert-intense.com\/randonnee-a-terre-de-haut-ile-des-saintes\/#breadcrumb"},"inLanguage":"nl-NL","potentialAction":[{"@type":"ReadAction","target":["https:\/\/www.vert-intense.com\/randonnee-a-terre-de-haut-ile-des-saintes\/"]}]},{"@type":"ImageObject","inLanguage":"nl-NL","@id":"https:\/\/www.vert-intense.com\/randonnee-a-terre-de-haut-ile-des-saintes\/#primaryimage","url":"https:\/\/i0.wp.com\/www.vert-intense.com\/wp-content\/uploads\/2024\/07\/Terre-de-Haut-Vue-panoramique.jpg?fit=1440%2C1080&ssl=1","contentUrl":"https:\/\/i0.wp.com\/www.vert-intense.com\/wp-content\/uploads\/2024\/07\/Terre-de-Haut-Vue-panoramique.jpg?fit=1440%2C1080&ssl=1","width":1440,"height":1080,"caption":"Terre-de-haut Vue sur les Saintes"},{"@type":"BreadcrumbList","@id":"https:\/\/www.vert-intense.com\/randonnee-a-terre-de-haut-ile-des-saintes\/#breadcrumb","itemListElement":[{"@type":"ListItem","position":1,"name":"Accueil","item":"https:\/\/www.vert-intense.com\/"},{"@type":"ListItem","position":2,"name":"Randonn\u00e9e \u00e0 Terre-de-Haut, \u00eele des Saintes"}]},{"@type":"WebSite","@id":"https:\/\/www.vert-intense.com\/#website","url":"https:\/\/www.vert-intense.com\/","name":"Vert-Intense","description":"Boek je ontdekkingsactiviteiten in Guadeloupe","publisher":{"@id":"https:\/\/www.vert-intense.com\/#organization"},"potentialAction":[{"@type":"SearchAction","target":{"@type":"EntryPoint","urlTemplate":"https:\/\/www.vert-intense.com\/?s={search_term_string}"},"query-input":{"@type":"PropertyValueSpecification","valueRequired":true,"valueName":"search_term_string"}}],"inLanguage":"nl-NL"},{"@type":"Organization","@id":"https:\/\/www.vert-intense.com\/#organization","name":"Vert-Intense","url":"https:\/\/www.vert-intense.com\/","logo":{"@type":"ImageObject","inLanguage":"nl-NL","@id":"https:\/\/www.vert-intense.com\/#\/schema\/logo\/image\/","url":"https:\/\/i0.wp.com\/www.vert-intense.com\/wp-content\/uploads\/2023\/07\/logo.png?fit=960%2C960&ssl=1","contentUrl":"https:\/\/i0.wp.com\/www.vert-intense.com\/wp-content\/uploads\/2023\/07\/logo.png?fit=960%2C960&ssl=1","width":960,"height":960,"caption":"Vert-Intense"},"image":{"@id":"https:\/\/www.vert-intense.com\/#\/schema\/logo\/image\/"},"sameAs":["https:\/\/www.facebook.com\/vertintense","https:\/\/www.tripadvisor.fr\/Attraction_Review-g1644623-d1649481-Reviews-Vert_Intense-Saint_Claude_Basse_Terre_Island_Guadeloupe.html","https:\/\/www.tiktok.com\/@vertintense","https:\/\/www.instagram.com\/vertintenseguadeloupe\/","https:\/\/www.youtube.com\/channel\/UCRymXR1Pa7n50AOgFy9n3bA"]},{"@type":"Person","@id":"https:\/\/www.vert-intense.com\/#\/schema\/person\/8a638fefcacbfbb921f1efcc15cb9d2a","name":"Laurence BARRET","image":{"@type":"ImageObject","inLanguage":"nl-NL","@id":"https:\/\/www.vert-intense.com\/#\/schema\/person\/image\/","url":"https:\/\/secure.gravatar.com\/avatar\/77cb14d7ce39170787b462fbab96bf8c?s=96&d=mm&r=g","contentUrl":"https:\/\/secure.gravatar.com\/avatar\/77cb14d7ce39170787b462fbab96bf8c?s=96&d=mm&r=g","caption":"Laurence BARRET"},"url":"https:\/\/www.vert-intense.com\/nl\/author\/laurence\/"}]}},"jetpack_featured_media_url":"https:\/\/i0.wp.com\/www.vert-intense.com\/wp-content\/uploads\/2024\/07\/Terre-de-Haut-Vue-panoramique.jpg?fit=1440%2C1080&ssl=1","jetpack_sharing_enabled":true,"_links":{"self":[{"href":"https:\/\/www.vert-intense.com\/nl\/wp-json\/wp\/v2\/posts\/4162"}],"collection":[{"href":"https:\/\/www.vert-intense.com\/nl\/wp-json\/wp\/v2\/posts"}],"about":[{"href":"https:\/\/www.vert-intense.com\/nl\/wp-json\/wp\/v2\/types\/post"}],"author":[{"embeddable":true,"href":"https:\/\/www.vert-intense.com\/nl\/wp-json\/wp\/v2\/users\/7"}],"replies":[{"embeddable":true,"href":"https:\/\/www.vert-intense.com\/nl\/wp-json\/wp\/v2\/comments?post=4162"}],"version-history":[{"count":7,"href":"https:\/\/www.vert-intense.com\/nl\/wp-json\/wp\/v2\/posts\/4162\/revisions"}],"predecessor-version":[{"id":4461,"href":"https:\/\/www.vert-intense.com\/nl\/wp-json\/wp\/v2\/posts\/4162\/revisions\/4461"}],"wp:featuredmedia":[{"embeddable":true,"href":"https:\/\/www.vert-intense.com\/nl\/wp-json\/wp\/v2\/media\/4257"}],"wp:attachment":[{"href":"https:\/\/www.vert-intense.com\/nl\/wp-json\/wp\/v2\/media?parent=4162"}],"wp:term":[{"taxonomy":"category","embeddable":true,"href":"https:\/\/www.vert-intense.com\/nl\/wp-json\/wp\/v2\/categories?post=4162"},{"taxonomy":"post_tag","embeddable":true,"href":"https:\/\/www.vert-intense.com\/nl\/wp-json\/wp\/v2\/tags?post=4162"}],"curies":[{"name":"wp","href":"https:\/\/api.w.org\/{rel}","templated":true}]}}