{"id":14229,"date":"2025-11-03T08:07:59","date_gmt":"2025-11-03T12:07:59","guid":{"rendered":"https:\/\/www.vert-intense.com\/?p=14229"},"modified":"2026-02-23T14:36:53","modified_gmt":"2026-02-23T18:36:53","slug":"noel-in-guadeloupe-een-creoolse-viering-met-tropische-geuren","status":"publish","type":"post","link":"https:\/\/www.vert-intense.com\/nl\/noel-in-guadeloupe-een-creoolse-viering-met-tropische-geuren\/","title":{"rendered":"Kerst in Guadeloupe: een Creools feest met tropische geuren"},"content":{"rendered":"<p>Vergeet de sneeuw en de wollen truien! <strong>Kerstmis op Guadeloupe<\/strong>, het is een Creools feest met de warmte van het hart en van de zon, de geuren van kruiden, de stemmen van Creolen die zingen, en de Caribische zee als decor. Hier wordt het feest gedeeld, levendig en muzikaal, in elk huis, op elk plein, en zelfs op de tropische paden.<\/p>\n\n\n\n<figure class=\"wp-block-gallery has-nested-images columns-default is-cropped wp-block-gallery-1 is-layout-flex wp-block-gallery-is-layout-flex\">\n<figure class=\"wp-block-image size-large\"><img data-recalc-dims=\"1\" loading=\"lazy\" decoding=\"async\" width=\"700\" height=\"1024\" data-id=\"14231\" src=\"https:\/\/i0.wp.com\/www.vert-intense.com\/wp-content\/uploads\/2025\/10\/Sapin-ananas-Les-Bananes-Vertes.jpg?resize=700%2C1024&#038;ssl=1\" alt=\"Kerstmis aan het zwembad van Groene Bananen\" class=\"wp-image-14231\" srcset=\"https:\/\/i0.wp.com\/www.vert-intense.com\/wp-content\/uploads\/2025\/10\/Sapin-ananas-Les-Bananes-Vertes.jpg?resize=700%2C1024&amp;ssl=1 700w, https:\/\/i0.wp.com\/www.vert-intense.com\/wp-content\/uploads\/2025\/10\/Sapin-ananas-Les-Bananes-Vertes.jpg?resize=205%2C300&amp;ssl=1 205w, https:\/\/i0.wp.com\/www.vert-intense.com\/wp-content\/uploads\/2025\/10\/Sapin-ananas-Les-Bananes-Vertes.jpg?resize=768%2C1124&amp;ssl=1 768w, https:\/\/i0.wp.com\/www.vert-intense.com\/wp-content\/uploads\/2025\/10\/Sapin-ananas-Les-Bananes-Vertes.jpg?resize=8%2C12&amp;ssl=1 8w, https:\/\/i0.wp.com\/www.vert-intense.com\/wp-content\/uploads\/2025\/10\/Sapin-ananas-Les-Bananes-Vertes.jpg?resize=600%2C878&amp;ssl=1 600w, https:\/\/i0.wp.com\/www.vert-intense.com\/wp-content\/uploads\/2025\/10\/Sapin-ananas-Les-Bananes-Vertes.jpg?w=1000&amp;ssl=1 1000w\" sizes=\"(max-width: 700px) 100vw, 700px\" \/><\/figure>\n<\/figure>\n\n\n\n<h4 class=\"wp-block-heading\" id=\"h-chants-de-noel-le-coeur-creole-en-musique\">Kerstliederen: het Creoolse hart in muziek<\/h4>\n\n\n\n<p>De Adventstijd markeert de terugkeer van de <strong>Creoolse kerstliederen<\/strong>, de beroemde \u201c<strong>Gezongen Kerst<\/strong>\u201cWe komen samen met familie, buren of in de kerken om in koor plaatselijke bewerkte kerstliederen te zingen, begeleid door drums, ti-bwa en accordeons. De sfeer is feestelijk, ritmisch en diep identiteitsvormend. Sommige locaties bieden zelfs \u201cchant\u00e9 Nw\u00e8l\u201d avonden die openstaan voor bezoekers \u2013 een uniek moment van delen.<\/p>\n\n\n\n<h4 class=\"wp-block-heading\" id=\"h-boudin-noir-jambon-de-noel-et-sirop-de-groseille\">Bloedworst, kerstham en aalbessiroop<\/h4>\n\n\n\n<p>Aan tafel is het Creoolse oudejaarsavond een explosie van smaken. Men proeft er de beroemde Antilliaanse bloedworst, net pittig genoeg, vergezeld van de <strong>kerstham<\/strong> met honing of ananas geglazuurd, met gratin van lokale groenten (yam, chou chou, zoete aardappel), zonder de traditionele lokale rode bessen siroop te vergeten. De maaltijd wordt vaak onderbroken door lachen, zingen en spelletjes, in alle eenvoud en gulheid. Uw kerstvakantie op Guadeloupe is een heerlijke culinaire ervaring. <\/p>\n\n\n\n<figure class=\"wp-block-gallery has-nested-images columns-default is-cropped wp-block-gallery-2 is-layout-flex wp-block-gallery-is-layout-flex\">\n<figure class=\"wp-block-image size-large\"><img data-recalc-dims=\"1\" loading=\"lazy\" decoding=\"async\" width=\"1024\" height=\"768\" data-id=\"14241\" src=\"https:\/\/i0.wp.com\/www.vert-intense.com\/wp-content\/uploads\/2025\/10\/1000237184.jpg?resize=1024%2C768&#038;ssl=1\" alt=\"\" class=\"wp-image-14241\" srcset=\"https:\/\/i0.wp.com\/www.vert-intense.com\/wp-content\/uploads\/2025\/10\/1000237184-scaled.jpg?resize=1024%2C768&amp;ssl=1 1024w, https:\/\/i0.wp.com\/www.vert-intense.com\/wp-content\/uploads\/2025\/10\/1000237184-scaled.jpg?resize=300%2C225&amp;ssl=1 300w, https:\/\/i0.wp.com\/www.vert-intense.com\/wp-content\/uploads\/2025\/10\/1000237184-scaled.jpg?resize=768%2C576&amp;ssl=1 768w, https:\/\/i0.wp.com\/www.vert-intense.com\/wp-content\/uploads\/2025\/10\/1000237184-scaled.jpg?resize=1536%2C1152&amp;ssl=1 1536w, https:\/\/i0.wp.com\/www.vert-intense.com\/wp-content\/uploads\/2025\/10\/1000237184-scaled.jpg?resize=2048%2C1536&amp;ssl=1 2048w, https:\/\/i0.wp.com\/www.vert-intense.com\/wp-content\/uploads\/2025\/10\/1000237184-scaled.jpg?resize=16%2C12&amp;ssl=1 16w, https:\/\/i0.wp.com\/www.vert-intense.com\/wp-content\/uploads\/2025\/10\/1000237184-scaled.jpg?resize=600%2C450&amp;ssl=1 600w\" sizes=\"(max-width: 1000px) 100vw, 1000px\" \/><\/figure>\n<\/figure>\n\n\n\n<h4 class=\"wp-block-heading\" id=\"h-sejourner-aux-bananes-vertes-noel-nature-et-confort\">Verblijf bij Bananes Vertes: Natuur en comfort met Kerst<\/h4>\n\n\n\n<p>Voor een authentiek en rustig verblijf, zet u uw koffers neer in <strong>Groene bananen in Saint-Claude<\/strong>, aan de voet van de Soufri\u00e8re. Met ecologische g\u00eetes, tropische tuinen en een warme sfeer, is dit de ideale plek om een andere Kerst te beleven, ver weg van de stress. En vlakbij neemt Vert-Intense u mee op avontuur met onvergetelijke natuuractiviteiten.<br>Online boeken <a href=\"https:\/\/www.lesbananesvertes.fr\/fr\/\">Groene bananen<\/a><\/p>\n\n\n\n<figure class=\"wp-block-gallery has-nested-images columns-default is-cropped wp-block-gallery-3 is-layout-flex wp-block-gallery-is-layout-flex\">\n<figure class=\"wp-block-image size-large\"><img data-recalc-dims=\"1\" loading=\"lazy\" decoding=\"async\" width=\"1024\" height=\"768\" data-id=\"14236\" src=\"https:\/\/i0.wp.com\/www.vert-intense.com\/wp-content\/uploads\/2025\/10\/Noel-aux-Bananes-Vertes.jpg?resize=1024%2C768&#038;ssl=1\" alt=\"\" class=\"wp-image-14236\" srcset=\"https:\/\/i0.wp.com\/www.vert-intense.com\/wp-content\/uploads\/2025\/10\/Noel-aux-Bananes-Vertes-scaled.jpg?resize=1024%2C768&amp;ssl=1 1024w, https:\/\/i0.wp.com\/www.vert-intense.com\/wp-content\/uploads\/2025\/10\/Noel-aux-Bananes-Vertes-scaled.jpg?resize=300%2C225&amp;ssl=1 300w, https:\/\/i0.wp.com\/www.vert-intense.com\/wp-content\/uploads\/2025\/10\/Noel-aux-Bananes-Vertes-scaled.jpg?resize=768%2C576&amp;ssl=1 768w, https:\/\/i0.wp.com\/www.vert-intense.com\/wp-content\/uploads\/2025\/10\/Noel-aux-Bananes-Vertes-scaled.jpg?resize=1536%2C1152&amp;ssl=1 1536w, https:\/\/i0.wp.com\/www.vert-intense.com\/wp-content\/uploads\/2025\/10\/Noel-aux-Bananes-Vertes-scaled.jpg?resize=2048%2C1536&amp;ssl=1 2048w, https:\/\/i0.wp.com\/www.vert-intense.com\/wp-content\/uploads\/2025\/10\/Noel-aux-Bananes-Vertes-scaled.jpg?resize=16%2C12&amp;ssl=1 16w, https:\/\/i0.wp.com\/www.vert-intense.com\/wp-content\/uploads\/2025\/10\/Noel-aux-Bananes-Vertes-scaled.jpg?resize=600%2C450&amp;ssl=1 600w\" sizes=\"(max-width: 1000px) 100vw, 1000px\" \/><\/figure>\n\n\n\n<figure class=\"wp-block-image size-large\"><img data-recalc-dims=\"1\" loading=\"lazy\" decoding=\"async\" width=\"1024\" height=\"768\" data-id=\"14235\" src=\"https:\/\/i0.wp.com\/www.vert-intense.com\/wp-content\/uploads\/2025\/10\/KARAMBOLE-de-Noel.jpg?resize=1024%2C768&#038;ssl=1\" alt=\"\" class=\"wp-image-14235\" srcset=\"https:\/\/i0.wp.com\/www.vert-intense.com\/wp-content\/uploads\/2025\/10\/KARAMBOLE-de-Noel.jpg?resize=1024%2C768&amp;ssl=1 1024w, https:\/\/i0.wp.com\/www.vert-intense.com\/wp-content\/uploads\/2025\/10\/KARAMBOLE-de-Noel.jpg?resize=300%2C225&amp;ssl=1 300w, https:\/\/i0.wp.com\/www.vert-intense.com\/wp-content\/uploads\/2025\/10\/KARAMBOLE-de-Noel.jpg?resize=768%2C576&amp;ssl=1 768w, https:\/\/i0.wp.com\/www.vert-intense.com\/wp-content\/uploads\/2025\/10\/KARAMBOLE-de-Noel.jpg?resize=1536%2C1152&amp;ssl=1 1536w, https:\/\/i0.wp.com\/www.vert-intense.com\/wp-content\/uploads\/2025\/10\/KARAMBOLE-de-Noel.jpg?resize=16%2C12&amp;ssl=1 16w, https:\/\/i0.wp.com\/www.vert-intense.com\/wp-content\/uploads\/2025\/10\/KARAMBOLE-de-Noel.jpg?resize=600%2C450&amp;ssl=1 600w, https:\/\/i0.wp.com\/www.vert-intense.com\/wp-content\/uploads\/2025\/10\/KARAMBOLE-de-Noel.jpg?w=2000&amp;ssl=1 2000w\" sizes=\"(max-width: 1000px) 100vw, 1000px\" \/><\/figure>\n<\/figure>\n\n\n\n<h4 class=\"wp-block-heading\" id=\"h-activites-avec-vert-intense-la-magie-de-noel-version-nature\">Activiteiten met Vert-Intense: de kerstmagie in natuurexpressie<\/h4>\n\n\n\n<p>Is het Kerstmis? Trakteer uzelf op een cadeau van formaat: een begeleide wandeling naar de Soufri\u00e8re, een moment in de warmwaterbaden, of een canyoningtocht in de heldere rivieren. Het team van <strong><a href=\"https:\/\/www.vert-intense.com\/nl\/\">Vert-Intense<\/a><\/strong>, gepassioneerd en professioneel, begeleidt u met vriendelijkheid om de natuurlijke rijkdommen van Basse-Terre te ontdekken. Om met familie of vrienden te beleven, zelfs tijdens de feestdagen, organiseert Vert-Intense uw kerstvakantie op Guadeloupe!<br>Online boeken<a href=\"https:\/\/www.vert-intense.com\/nl\/\"> een gids voor La Soufri\u00e8re of voor canyoning<\/a>.<\/p>\n\n\n\n<figure class=\"wp-block-gallery has-nested-images columns-default is-cropped wp-block-gallery-4 is-layout-flex wp-block-gallery-is-layout-flex\">\n<figure class=\"wp-block-image size-large\"><img data-recalc-dims=\"1\" loading=\"lazy\" decoding=\"async\" width=\"1024\" height=\"768\" data-id=\"5900\" src=\"https:\/\/i0.wp.com\/www.vert-intense.com\/wp-content\/uploads\/2024\/09\/toboggan-canyon.jpg?resize=1024%2C768&#038;ssl=1\" alt=\"\" class=\"wp-image-5900\" srcset=\"https:\/\/i0.wp.com\/www.vert-intense.com\/wp-content\/uploads\/2024\/09\/toboggan-canyon.jpg?resize=1024%2C768&amp;ssl=1 1024w, https:\/\/i0.wp.com\/www.vert-intense.com\/wp-content\/uploads\/2024\/09\/toboggan-canyon.jpg?resize=300%2C225&amp;ssl=1 300w, https:\/\/i0.wp.com\/www.vert-intense.com\/wp-content\/uploads\/2024\/09\/toboggan-canyon.jpg?resize=768%2C576&amp;ssl=1 768w, https:\/\/i0.wp.com\/www.vert-intense.com\/wp-content\/uploads\/2024\/09\/toboggan-canyon.jpg?resize=16%2C12&amp;ssl=1 16w, https:\/\/i0.wp.com\/www.vert-intense.com\/wp-content\/uploads\/2024\/09\/toboggan-canyon.jpg?resize=600%2C450&amp;ssl=1 600w, https:\/\/i0.wp.com\/www.vert-intense.com\/wp-content\/uploads\/2024\/09\/toboggan-canyon.jpg?w=1280&amp;ssl=1 1280w\" sizes=\"(max-width: 1000px) 100vw, 1000px\" \/><figcaption class=\"wp-element-caption\">Slee\u00ebn en kloof Vert-Intense<\/figcaption><\/figure>\n\n\n\n<figure class=\"wp-block-image size-large\"><img data-recalc-dims=\"1\" loading=\"lazy\" decoding=\"async\" width=\"1024\" height=\"473\" data-id=\"4047\" src=\"https:\/\/i0.wp.com\/www.vert-intense.com\/wp-content\/uploads\/2024\/07\/SoufEnfPlateau.jpg?resize=1024%2C473&#038;ssl=1\" alt=\"La Soufri\u00e8re, het plateau van afgronden\" class=\"wp-image-4047\" srcset=\"https:\/\/i0.wp.com\/www.vert-intense.com\/wp-content\/uploads\/2024\/07\/SoufEnfPlateau.jpg?resize=1024%2C473&amp;ssl=1 1024w, https:\/\/i0.wp.com\/www.vert-intense.com\/wp-content\/uploads\/2024\/07\/SoufEnfPlateau.jpg?resize=300%2C139&amp;ssl=1 300w, https:\/\/i0.wp.com\/www.vert-intense.com\/wp-content\/uploads\/2024\/07\/SoufEnfPlateau.jpg?resize=768%2C355&amp;ssl=1 768w, https:\/\/i0.wp.com\/www.vert-intense.com\/wp-content\/uploads\/2024\/07\/SoufEnfPlateau.jpg?resize=18%2C8&amp;ssl=1 18w, https:\/\/i0.wp.com\/www.vert-intense.com\/wp-content\/uploads\/2024\/07\/SoufEnfPlateau.jpg?resize=600%2C277&amp;ssl=1 600w, https:\/\/i0.wp.com\/www.vert-intense.com\/wp-content\/uploads\/2024\/07\/SoufEnfPlateau.jpg?w=1440&amp;ssl=1 1440w\" sizes=\"(max-width: 1000px) 100vw, 1000px\" \/><figcaption class=\"wp-element-caption\">La Soufri\u00e8re, het plateau van afgronden<\/figcaption><\/figure>\n\n\n\n<figure class=\"wp-block-image size-large\"><img data-recalc-dims=\"1\" loading=\"lazy\" decoding=\"async\" width=\"1024\" height=\"623\" data-id=\"3976\" src=\"https:\/\/i0.wp.com\/www.vert-intense.com\/wp-content\/uploads\/2024\/07\/TarissanCielBleu.jpg?resize=1024%2C623&#038;ssl=1\" alt=\"Tarissan krater, Vulkaan La Soufri\u00e8re Guadeloupe\" class=\"wp-image-3976\" srcset=\"https:\/\/i0.wp.com\/www.vert-intense.com\/wp-content\/uploads\/2024\/07\/TarissanCielBleu.jpg?resize=1024%2C623&amp;ssl=1 1024w, https:\/\/i0.wp.com\/www.vert-intense.com\/wp-content\/uploads\/2024\/07\/TarissanCielBleu.jpg?resize=300%2C183&amp;ssl=1 300w, https:\/\/i0.wp.com\/www.vert-intense.com\/wp-content\/uploads\/2024\/07\/TarissanCielBleu.jpg?resize=768%2C467&amp;ssl=1 768w, https:\/\/i0.wp.com\/www.vert-intense.com\/wp-content\/uploads\/2024\/07\/TarissanCielBleu.jpg?resize=18%2C12&amp;ssl=1 18w, https:\/\/i0.wp.com\/www.vert-intense.com\/wp-content\/uploads\/2024\/07\/TarissanCielBleu.jpg?resize=600%2C365&amp;ssl=1 600w, https:\/\/i0.wp.com\/www.vert-intense.com\/wp-content\/uploads\/2024\/07\/TarissanCielBleu.jpg?w=1440&amp;ssl=1 1440w\" sizes=\"(max-width: 1000px) 100vw, 1000px\" \/><figcaption class=\"wp-element-caption\">Tarissan krater, Vulkaan La Soufri\u00e8re Guadeloupe<\/figcaption><\/figure>\n<\/figure>\n\n\n\n<h4 class=\"wp-block-heading\" id=\"h-une-parenthese-aux-saintes-terre-de-haut-a-noel\">Een pauze op Les Saintes: Terre-de-Haut met Kerstmis<\/h4>\n\n\n\n<p>Verleng de kerstmagie door aan boord te gaan <strong>Terre-de-Haut<\/strong>, in de archipel van Les Saintes. Daar weerspiegelen de kerstlichtjes in het turkooisblauwe water, en de straatjes van het dorp lichten op met de Creoolse sfeer. U vindt er rust, schoonheid en tijdloze charme om het jaar zachtjes af te sluiten, tussen zwemmen, borrelen bij zonsondergang en Antilliaanse glimlachen.<br>Online boeken <a href=\"https:\/\/www.lapetitevilladessaintes.fr\/fr\/\">La Petite Villa des Saintes<\/a><\/p>\n\n\n\n<figure class=\"wp-block-gallery has-nested-images columns-default is-cropped wp-block-gallery-5 is-layout-flex wp-block-gallery-is-layout-flex\">\n<figure class=\"wp-block-image size-large\"><img data-recalc-dims=\"1\" loading=\"lazy\" decoding=\"async\" width=\"1024\" height=\"593\" data-id=\"14233\" src=\"https:\/\/i0.wp.com\/www.vert-intense.com\/wp-content\/uploads\/2025\/10\/Sapin-La-Petite-Villa-des-Saintes.jpg?resize=1024%2C593&#038;ssl=1\" alt=\"\" class=\"wp-image-14233\" srcset=\"https:\/\/i0.wp.com\/www.vert-intense.com\/wp-content\/uploads\/2025\/10\/Sapin-La-Petite-Villa-des-Saintes.jpg?resize=1024%2C593&amp;ssl=1 1024w, https:\/\/i0.wp.com\/www.vert-intense.com\/wp-content\/uploads\/2025\/10\/Sapin-La-Petite-Villa-des-Saintes.jpg?resize=300%2C174&amp;ssl=1 300w, https:\/\/i0.wp.com\/www.vert-intense.com\/wp-content\/uploads\/2025\/10\/Sapin-La-Petite-Villa-des-Saintes.jpg?resize=768%2C445&amp;ssl=1 768w, https:\/\/i0.wp.com\/www.vert-intense.com\/wp-content\/uploads\/2025\/10\/Sapin-La-Petite-Villa-des-Saintes.jpg?resize=18%2C10&amp;ssl=1 18w, https:\/\/i0.wp.com\/www.vert-intense.com\/wp-content\/uploads\/2025\/10\/Sapin-La-Petite-Villa-des-Saintes.jpg?resize=600%2C348&amp;ssl=1 600w, https:\/\/i0.wp.com\/www.vert-intense.com\/wp-content\/uploads\/2025\/10\/Sapin-La-Petite-Villa-des-Saintes.jpg?w=1441&amp;ssl=1 1441w\" sizes=\"(max-width: 1000px) 100vw, 1000px\" \/><\/figure>\n\n\n\n<figure class=\"wp-block-image size-large\"><img data-recalc-dims=\"1\" loading=\"lazy\" decoding=\"async\" width=\"1024\" height=\"608\" data-id=\"14234\" src=\"https:\/\/i0.wp.com\/www.vert-intense.com\/wp-content\/uploads\/2025\/10\/Langouste-a-Terre-de-Haut.jpg?resize=1024%2C608&#038;ssl=1\" alt=\"\" class=\"wp-image-14234\" srcset=\"https:\/\/i0.wp.com\/www.vert-intense.com\/wp-content\/uploads\/2025\/10\/Langouste-a-Terre-de-Haut.jpg?resize=1024%2C608&amp;ssl=1 1024w, https:\/\/i0.wp.com\/www.vert-intense.com\/wp-content\/uploads\/2025\/10\/Langouste-a-Terre-de-Haut.jpg?resize=300%2C178&amp;ssl=1 300w, https:\/\/i0.wp.com\/www.vert-intense.com\/wp-content\/uploads\/2025\/10\/Langouste-a-Terre-de-Haut.jpg?resize=768%2C456&amp;ssl=1 768w, https:\/\/i0.wp.com\/www.vert-intense.com\/wp-content\/uploads\/2025\/10\/Langouste-a-Terre-de-Haut.jpg?resize=1536%2C912&amp;ssl=1 1536w, https:\/\/i0.wp.com\/www.vert-intense.com\/wp-content\/uploads\/2025\/10\/Langouste-a-Terre-de-Haut.jpg?resize=2048%2C1216&amp;ssl=1 2048w, https:\/\/i0.wp.com\/www.vert-intense.com\/wp-content\/uploads\/2025\/10\/Langouste-a-Terre-de-Haut.jpg?resize=18%2C12&amp;ssl=1 18w, https:\/\/i0.wp.com\/www.vert-intense.com\/wp-content\/uploads\/2025\/10\/Langouste-a-Terre-de-Haut.jpg?resize=600%2C356&amp;ssl=1 600w\" sizes=\"(max-width: 1000px) 100vw, 1000px\" \/><\/figure>\n<\/figure>\n\n\n\n<h4 class=\"wp-block-heading\" id=\"h-conclusion-un-noel-creole-inoubliable\">Conclusie: een onvergetelijke Creoolse Kerst<\/h4>\n\n\n\n<p><strong>Kerstvakantie in Guadeloupe is veel meer dan een seizoenverschil. Het is een andere manier om het feest te beleven: eenvoudiger, menselijker, echter. Het is een eiland dat je omhelst, een volk dat deelt, en herinneringen die je een leven lang bewaart.<\/strong><\/p>\n\n\n\n<figure class=\"wp-block-gallery has-nested-images columns-default is-cropped wp-block-gallery-6 is-layout-flex wp-block-gallery-is-layout-flex\">\n<figure class=\"wp-block-image size-large\"><img data-recalc-dims=\"1\" loading=\"lazy\" decoding=\"async\" width=\"768\" height=\"1024\" data-id=\"5875\" src=\"https:\/\/i0.wp.com\/www.vert-intense.com\/wp-content\/uploads\/2024\/09\/BV-COUCHER-DE-SOLEIL-PISCINE.jpg?resize=768%2C1024&#038;ssl=1\" alt=\"\" class=\"wp-image-5875\" srcset=\"https:\/\/i0.wp.com\/www.vert-intense.com\/wp-content\/uploads\/2024\/09\/BV-COUCHER-DE-SOLEIL-PISCINE-rotated.jpg?resize=768%2C1024&amp;ssl=1 768w, https:\/\/i0.wp.com\/www.vert-intense.com\/wp-content\/uploads\/2024\/09\/BV-COUCHER-DE-SOLEIL-PISCINE-rotated.jpg?resize=225%2C300&amp;ssl=1 225w, https:\/\/i0.wp.com\/www.vert-intense.com\/wp-content\/uploads\/2024\/09\/BV-COUCHER-DE-SOLEIL-PISCINE-rotated.jpg?resize=1152%2C1536&amp;ssl=1 1152w, https:\/\/i0.wp.com\/www.vert-intense.com\/wp-content\/uploads\/2024\/09\/BV-COUCHER-DE-SOLEIL-PISCINE-rotated.jpg?resize=9%2C12&amp;ssl=1 9w, https:\/\/i0.wp.com\/www.vert-intense.com\/wp-content\/uploads\/2024\/09\/BV-COUCHER-DE-SOLEIL-PISCINE-rotated.jpg?resize=600%2C800&amp;ssl=1 600w, https:\/\/i0.wp.com\/www.vert-intense.com\/wp-content\/uploads\/2024\/09\/BV-COUCHER-DE-SOLEIL-PISCINE-rotated.jpg?w=1440&amp;ssl=1 1440w\" sizes=\"(max-width: 768px) 100vw, 768px\" \/><\/figure>\n<\/figure>\n\n\n\n<p><\/p>","protected":false},"excerpt":{"rendered":"<p>Oubliez la neige et les pulls en laine ! No\u00ebl en Guadeloupe, c\u2019est une f\u00eate cr\u00e9ole avec la chaleur du c\u0153ur et du soleil, les parfums d\u2019\u00e9pices, les voix cr\u00e9oles qui chantent, et la mer des Cara\u00efbes pour d\u00e9cor. Ici, la f\u00eate est partag\u00e9e, vivante et musicale, dans chaque maison, sur chaque place, et m\u00eame [&hellip;]<\/p>","protected":false},"author":3,"featured_media":14231,"comment_status":"closed","ping_status":"closed","sticky":false,"template":"","format":"standard","meta":{"_jetpack_memberships_contains_paid_content":false,"footnotes":""},"categories":[135,142,123,124,110],"tags":[],"class_list":["post-14229","post","type-post","status-publish","format-standard","has-post-thumbnail","hentry","category-guadeloupe","category-hebergements-guadeloupe","category-la-soufriere","category-les-saintes","category-rando-sur-mesure"],"yoast_head":"<!-- This site is optimized with the Yoast SEO Premium plugin v25.3.1 (Yoast SEO v25.3.1) - https:\/\/yoast.com\/wordpress\/plugins\/seo\/ -->\n<title>No\u00ebl en Guadeloupe : une f\u00eate cr\u00e9ole aux parfums tropicaux - Vert Intense<\/title>\n<meta name=\"description\" content=\"Vacances de No\u00ebl en Guadeloupe : chants cr\u00e9oles, repas traditionnels, h\u00e9bergement aux Bananes Vertes, escapade \u00e0 Terre-de-Haut et aventures avec Vert-Intense. D\u00e9gustations de produits locaux, march\u00e9 de No\u00ebl et visite de la Guadeloupe.\" \/>\n<meta name=\"robots\" content=\"index, follow, max-snippet:-1, max-image-preview:large, max-video-preview:-1\" \/>\n<link rel=\"canonical\" href=\"https:\/\/www.vert-intense.com\/nl\/noel-in-guadeloupe-een-creoolse-viering-met-tropische-geuren\/\" \/>\n<meta property=\"og:locale\" content=\"nl_NL\" \/>\n<meta property=\"og:type\" content=\"article\" \/>\n<meta property=\"og:title\" content=\"No\u00ebl en Guadeloupe : une f\u00eate cr\u00e9ole aux parfums tropicaux\" \/>\n<meta property=\"og:description\" content=\"Vacances de No\u00ebl en Guadeloupe : chants cr\u00e9oles, repas traditionnels, h\u00e9bergement aux Bananes Vertes, escapade \u00e0 Terre-de-Haut et aventures avec Vert-Intense. D\u00e9gustations de produits locaux, march\u00e9 de No\u00ebl et visite de la Guadeloupe.\" \/>\n<meta property=\"og:url\" content=\"https:\/\/www.vert-intense.com\/nl\/noel-in-guadeloupe-een-creoolse-viering-met-tropische-geuren\/\" \/>\n<meta property=\"og:site_name\" content=\"Vert Intense\" \/>\n<meta property=\"article:publisher\" content=\"https:\/\/www.facebook.com\/vertintense\" \/>\n<meta property=\"article:published_time\" content=\"2025-11-03T12:07:59+00:00\" \/>\n<meta property=\"article:modified_time\" content=\"2026-02-23T18:36:53+00:00\" \/>\n<meta property=\"og:image\" content=\"https:\/\/www.vert-intense.com\/wp-content\/uploads\/2025\/10\/Sapin-ananas-Les-Bananes-Vertes.jpg\" \/>\n\t<meta property=\"og:image:width\" content=\"1000\" \/>\n\t<meta property=\"og:image:height\" content=\"1463\" \/>\n\t<meta property=\"og:image:type\" content=\"image\/jpeg\" \/>\n<meta name=\"author\" content=\"Eric BARRET\" \/>\n<meta name=\"twitter:card\" content=\"summary_large_image\" \/>\n<meta name=\"twitter:label1\" content=\"Geschreven door\" \/>\n\t<meta name=\"twitter:data1\" content=\"Eric BARRET\" \/>\n\t<meta name=\"twitter:label2\" content=\"Geschatte leestijd\" \/>\n\t<meta name=\"twitter:data2\" content=\"5 minuten\" \/>\n<script type=\"application\/ld+json\" class=\"yoast-schema-graph\">{\"@context\":\"https:\/\/schema.org\",\"@graph\":[{\"@type\":\"Article\",\"@id\":\"https:\/\/www.vert-intense.com\/noel-en-guadeloupe-une-fete-creole-aux-parfums-tropicaux\/#article\",\"isPartOf\":{\"@id\":\"https:\/\/www.vert-intense.com\/noel-en-guadeloupe-une-fete-creole-aux-parfums-tropicaux\/\"},\"author\":{\"name\":\"Eric BARRET\",\"@id\":\"https:\/\/www.vert-intense.com\/#\/schema\/person\/4dac2ad823e05c0ad031c5e47a35a964\"},\"headline\":\"No\u00ebl en Guadeloupe : une f\u00eate cr\u00e9ole aux parfums tropicaux\",\"datePublished\":\"2025-11-03T12:07:59+00:00\",\"dateModified\":\"2026-02-23T18:36:53+00:00\",\"mainEntityOfPage\":{\"@id\":\"https:\/\/www.vert-intense.com\/noel-en-guadeloupe-une-fete-creole-aux-parfums-tropicaux\/\"},\"wordCount\":622,\"publisher\":{\"@id\":\"https:\/\/www.vert-intense.com\/#organization\"},\"image\":{\"@id\":\"https:\/\/www.vert-intense.com\/noel-en-guadeloupe-une-fete-creole-aux-parfums-tropicaux\/#primaryimage\"},\"thumbnailUrl\":\"https:\/\/i0.wp.com\/www.vert-intense.com\/wp-content\/uploads\/2025\/10\/Sapin-ananas-Les-Bananes-Vertes.jpg?fit=1000%2C1463&ssl=1\",\"articleSection\":[\"Guadeloupe\",\"H\u00e9bergements\",\"La Soufri\u00e8re\",\"Les Saintes\",\"Randonn\u00e9es\"],\"inLanguage\":\"nl-NL\"},{\"@type\":\"WebPage\",\"@id\":\"https:\/\/www.vert-intense.com\/noel-en-guadeloupe-une-fete-creole-aux-parfums-tropicaux\/\",\"url\":\"https:\/\/www.vert-intense.com\/noel-en-guadeloupe-une-fete-creole-aux-parfums-tropicaux\/\",\"name\":\"No\u00ebl en Guadeloupe : une f\u00eate cr\u00e9ole aux parfums tropicaux - Vert Intense\",\"isPartOf\":{\"@id\":\"https:\/\/www.vert-intense.com\/#website\"},\"primaryImageOfPage\":{\"@id\":\"https:\/\/www.vert-intense.com\/noel-en-guadeloupe-une-fete-creole-aux-parfums-tropicaux\/#primaryimage\"},\"image\":{\"@id\":\"https:\/\/www.vert-intense.com\/noel-en-guadeloupe-une-fete-creole-aux-parfums-tropicaux\/#primaryimage\"},\"thumbnailUrl\":\"https:\/\/i0.wp.com\/www.vert-intense.com\/wp-content\/uploads\/2025\/10\/Sapin-ananas-Les-Bananes-Vertes.jpg?fit=1000%2C1463&ssl=1\",\"datePublished\":\"2025-11-03T12:07:59+00:00\",\"dateModified\":\"2026-02-23T18:36:53+00:00\",\"description\":\"Vacances de No\u00ebl en Guadeloupe : chants cr\u00e9oles, repas traditionnels, h\u00e9bergement aux Bananes Vertes, escapade \u00e0 Terre-de-Haut et aventures avec Vert-Intense. D\u00e9gustations de produits locaux, march\u00e9 de No\u00ebl et visite de la Guadeloupe.\",\"breadcrumb\":{\"@id\":\"https:\/\/www.vert-intense.com\/noel-en-guadeloupe-une-fete-creole-aux-parfums-tropicaux\/#breadcrumb\"},\"inLanguage\":\"nl-NL\",\"potentialAction\":[{\"@type\":\"ReadAction\",\"target\":[\"https:\/\/www.vert-intense.com\/noel-en-guadeloupe-une-fete-creole-aux-parfums-tropicaux\/\"]}]},{\"@type\":\"ImageObject\",\"inLanguage\":\"nl-NL\",\"@id\":\"https:\/\/www.vert-intense.com\/noel-en-guadeloupe-une-fete-creole-aux-parfums-tropicaux\/#primaryimage\",\"url\":\"https:\/\/i0.wp.com\/www.vert-intense.com\/wp-content\/uploads\/2025\/10\/Sapin-ananas-Les-Bananes-Vertes.jpg?fit=1000%2C1463&ssl=1\",\"contentUrl\":\"https:\/\/i0.wp.com\/www.vert-intense.com\/wp-content\/uploads\/2025\/10\/Sapin-ananas-Les-Bananes-Vertes.jpg?fit=1000%2C1463&ssl=1\",\"width\":1000,\"height\":1463},{\"@type\":\"BreadcrumbList\",\"@id\":\"https:\/\/www.vert-intense.com\/noel-en-guadeloupe-une-fete-creole-aux-parfums-tropicaux\/#breadcrumb\",\"itemListElement\":[{\"@type\":\"ListItem\",\"position\":1,\"name\":\"Accueil\",\"item\":\"https:\/\/www.vert-intense.com\/\"},{\"@type\":\"ListItem\",\"position\":2,\"name\":\"No\u00ebl en Guadeloupe : une f\u00eate cr\u00e9ole aux parfums tropicaux\"}]},{\"@type\":\"WebSite\",\"@id\":\"https:\/\/www.vert-intense.com\/#website\",\"url\":\"https:\/\/www.vert-intense.com\/\",\"name\":\"Vert-Intense\",\"description\":\"R\u00e9servez vos activit\u00e9s d\u00e9couvertes en Guadeloupe\",\"publisher\":{\"@id\":\"https:\/\/www.vert-intense.com\/#organization\"},\"potentialAction\":[{\"@type\":\"SearchAction\",\"target\":{\"@type\":\"EntryPoint\",\"urlTemplate\":\"https:\/\/www.vert-intense.com\/?s={search_term_string}\"},\"query-input\":{\"@type\":\"PropertyValueSpecification\",\"valueRequired\":true,\"valueName\":\"search_term_string\"}}],\"inLanguage\":\"nl-NL\"},{\"@type\":\"Organization\",\"@id\":\"https:\/\/www.vert-intense.com\/#organization\",\"name\":\"Vert-Intense\",\"url\":\"https:\/\/www.vert-intense.com\/\",\"logo\":{\"@type\":\"ImageObject\",\"inLanguage\":\"nl-NL\",\"@id\":\"https:\/\/www.vert-intense.com\/#\/schema\/logo\/image\/\",\"url\":\"https:\/\/i0.wp.com\/www.vert-intense.com\/wp-content\/uploads\/2023\/07\/logo.png?fit=960%2C960&ssl=1\",\"contentUrl\":\"https:\/\/i0.wp.com\/www.vert-intense.com\/wp-content\/uploads\/2023\/07\/logo.png?fit=960%2C960&ssl=1\",\"width\":960,\"height\":960,\"caption\":\"Vert-Intense\"},\"image\":{\"@id\":\"https:\/\/www.vert-intense.com\/#\/schema\/logo\/image\/\"},\"sameAs\":[\"https:\/\/www.facebook.com\/vertintense\",\"https:\/\/www.tripadvisor.fr\/Attraction_Review-g1644623-d1649481-Reviews-Vert_Intense-Saint_Claude_Basse_Terre_Island_Guadeloupe.html\",\"https:\/\/www.tiktok.com\/@vertintense\",\"https:\/\/www.instagram.com\/vertintenseguadeloupe\/\",\"https:\/\/www.youtube.com\/channel\/UCRymXR1Pa7n50AOgFy9n3bA\"]},{\"@type\":\"Person\",\"@id\":\"https:\/\/www.vert-intense.com\/#\/schema\/person\/4dac2ad823e05c0ad031c5e47a35a964\",\"name\":\"Eric BARRET\",\"image\":{\"@type\":\"ImageObject\",\"inLanguage\":\"nl-NL\",\"@id\":\"https:\/\/www.vert-intense.com\/#\/schema\/person\/image\/\",\"url\":\"https:\/\/secure.gravatar.com\/avatar\/cc354540bdeebe7ecd7ffffd4d08f59e?s=96&d=mm&r=g\",\"contentUrl\":\"https:\/\/secure.gravatar.com\/avatar\/cc354540bdeebe7ecd7ffffd4d08f59e?s=96&d=mm&r=g\",\"caption\":\"Eric BARRET\"},\"url\":\"https:\/\/www.vert-intense.com\/nl\/author\/eric_barret\/\"}]}<\/script>\n<!-- \/ Yoast SEO Premium plugin. -->","yoast_head_json":{"title":"Kerst in Guadeloupe: een Creools feest met tropische geuren - Vert Intense","description":"Kerstvakantie op Guadeloupe: Creoolse liederen, traditionele maaltijden, accommodatie in Les Bananes Vertes, uitstapje naar Terre-de-Haut en avonturen met Vert-Intense. Proeverijen van lokale producten, kerstmarkt en bezoek aan Guadeloupe.","robots":{"index":"index","follow":"follow","max-snippet":"max-snippet:-1","max-image-preview":"max-image-preview:large","max-video-preview":"max-video-preview:-1"},"canonical":"https:\/\/www.vert-intense.com\/nl\/noel-in-guadeloupe-een-creoolse-viering-met-tropische-geuren\/","og_locale":"nl_NL","og_type":"article","og_title":"No\u00ebl en Guadeloupe : une f\u00eate cr\u00e9ole aux parfums tropicaux","og_description":"Vacances de No\u00ebl en Guadeloupe : chants cr\u00e9oles, repas traditionnels, h\u00e9bergement aux Bananes Vertes, escapade \u00e0 Terre-de-Haut et aventures avec Vert-Intense. D\u00e9gustations de produits locaux, march\u00e9 de No\u00ebl et visite de la Guadeloupe.","og_url":"https:\/\/www.vert-intense.com\/nl\/noel-in-guadeloupe-een-creoolse-viering-met-tropische-geuren\/","og_site_name":"Vert Intense","article_publisher":"https:\/\/www.facebook.com\/vertintense","article_published_time":"2025-11-03T12:07:59+00:00","article_modified_time":"2026-02-23T18:36:53+00:00","og_image":[{"width":1000,"height":1463,"url":"https:\/\/www.vert-intense.com\/wp-content\/uploads\/2025\/10\/Sapin-ananas-Les-Bananes-Vertes.jpg","type":"image\/jpeg"}],"author":"Eric BARRET","twitter_card":"summary_large_image","twitter_misc":{"Geschreven door":"Eric BARRET","Geschatte leestijd":"5 minuten"},"schema":{"@context":"https:\/\/schema.org","@graph":[{"@type":"Article","@id":"https:\/\/www.vert-intense.com\/noel-en-guadeloupe-une-fete-creole-aux-parfums-tropicaux\/#article","isPartOf":{"@id":"https:\/\/www.vert-intense.com\/noel-en-guadeloupe-une-fete-creole-aux-parfums-tropicaux\/"},"author":{"name":"Eric BARRET","@id":"https:\/\/www.vert-intense.com\/#\/schema\/person\/4dac2ad823e05c0ad031c5e47a35a964"},"headline":"No\u00ebl en Guadeloupe : une f\u00eate cr\u00e9ole aux parfums tropicaux","datePublished":"2025-11-03T12:07:59+00:00","dateModified":"2026-02-23T18:36:53+00:00","mainEntityOfPage":{"@id":"https:\/\/www.vert-intense.com\/noel-en-guadeloupe-une-fete-creole-aux-parfums-tropicaux\/"},"wordCount":622,"publisher":{"@id":"https:\/\/www.vert-intense.com\/#organization"},"image":{"@id":"https:\/\/www.vert-intense.com\/noel-en-guadeloupe-une-fete-creole-aux-parfums-tropicaux\/#primaryimage"},"thumbnailUrl":"https:\/\/i0.wp.com\/www.vert-intense.com\/wp-content\/uploads\/2025\/10\/Sapin-ananas-Les-Bananes-Vertes.jpg?fit=1000%2C1463&ssl=1","articleSection":["Guadeloupe","H\u00e9bergements","La Soufri\u00e8re","Les Saintes","Randonn\u00e9es"],"inLanguage":"nl-NL"},{"@type":"WebPage","@id":"https:\/\/www.vert-intense.com\/noel-en-guadeloupe-une-fete-creole-aux-parfums-tropicaux\/","url":"https:\/\/www.vert-intense.com\/noel-en-guadeloupe-une-fete-creole-aux-parfums-tropicaux\/","name":"Kerst in Guadeloupe: een Creools feest met tropische geuren - Vert Intense","isPartOf":{"@id":"https:\/\/www.vert-intense.com\/#website"},"primaryImageOfPage":{"@id":"https:\/\/www.vert-intense.com\/noel-en-guadeloupe-une-fete-creole-aux-parfums-tropicaux\/#primaryimage"},"image":{"@id":"https:\/\/www.vert-intense.com\/noel-en-guadeloupe-une-fete-creole-aux-parfums-tropicaux\/#primaryimage"},"thumbnailUrl":"https:\/\/i0.wp.com\/www.vert-intense.com\/wp-content\/uploads\/2025\/10\/Sapin-ananas-Les-Bananes-Vertes.jpg?fit=1000%2C1463&ssl=1","datePublished":"2025-11-03T12:07:59+00:00","dateModified":"2026-02-23T18:36:53+00:00","description":"Kerstvakantie op Guadeloupe: Creoolse liederen, traditionele maaltijden, accommodatie in Les Bananes Vertes, uitstapje naar Terre-de-Haut en avonturen met Vert-Intense. Proeverijen van lokale producten, kerstmarkt en bezoek aan Guadeloupe.","breadcrumb":{"@id":"https:\/\/www.vert-intense.com\/noel-en-guadeloupe-une-fete-creole-aux-parfums-tropicaux\/#breadcrumb"},"inLanguage":"nl-NL","potentialAction":[{"@type":"ReadAction","target":["https:\/\/www.vert-intense.com\/noel-en-guadeloupe-une-fete-creole-aux-parfums-tropicaux\/"]}]},{"@type":"ImageObject","inLanguage":"nl-NL","@id":"https:\/\/www.vert-intense.com\/noel-en-guadeloupe-une-fete-creole-aux-parfums-tropicaux\/#primaryimage","url":"https:\/\/i0.wp.com\/www.vert-intense.com\/wp-content\/uploads\/2025\/10\/Sapin-ananas-Les-Bananes-Vertes.jpg?fit=1000%2C1463&ssl=1","contentUrl":"https:\/\/i0.wp.com\/www.vert-intense.com\/wp-content\/uploads\/2025\/10\/Sapin-ananas-Les-Bananes-Vertes.jpg?fit=1000%2C1463&ssl=1","width":1000,"height":1463},{"@type":"BreadcrumbList","@id":"https:\/\/www.vert-intense.com\/noel-en-guadeloupe-une-fete-creole-aux-parfums-tropicaux\/#breadcrumb","itemListElement":[{"@type":"ListItem","position":1,"name":"Accueil","item":"https:\/\/www.vert-intense.com\/"},{"@type":"ListItem","position":2,"name":"No\u00ebl en Guadeloupe : une f\u00eate cr\u00e9ole aux parfums tropicaux"}]},{"@type":"WebSite","@id":"https:\/\/www.vert-intense.com\/#website","url":"https:\/\/www.vert-intense.com\/","name":"Vert-Intense","description":"Boek je ontdekkingsactiviteiten in Guadeloupe","publisher":{"@id":"https:\/\/www.vert-intense.com\/#organization"},"potentialAction":[{"@type":"SearchAction","target":{"@type":"EntryPoint","urlTemplate":"https:\/\/www.vert-intense.com\/?s={search_term_string}"},"query-input":{"@type":"PropertyValueSpecification","valueRequired":true,"valueName":"search_term_string"}}],"inLanguage":"nl-NL"},{"@type":"Organization","@id":"https:\/\/www.vert-intense.com\/#organization","name":"Vert-Intense","url":"https:\/\/www.vert-intense.com\/","logo":{"@type":"ImageObject","inLanguage":"nl-NL","@id":"https:\/\/www.vert-intense.com\/#\/schema\/logo\/image\/","url":"https:\/\/i0.wp.com\/www.vert-intense.com\/wp-content\/uploads\/2023\/07\/logo.png?fit=960%2C960&ssl=1","contentUrl":"https:\/\/i0.wp.com\/www.vert-intense.com\/wp-content\/uploads\/2023\/07\/logo.png?fit=960%2C960&ssl=1","width":960,"height":960,"caption":"Vert-Intense"},"image":{"@id":"https:\/\/www.vert-intense.com\/#\/schema\/logo\/image\/"},"sameAs":["https:\/\/www.facebook.com\/vertintense","https:\/\/www.tripadvisor.fr\/Attraction_Review-g1644623-d1649481-Reviews-Vert_Intense-Saint_Claude_Basse_Terre_Island_Guadeloupe.html","https:\/\/www.tiktok.com\/@vertintense","https:\/\/www.instagram.com\/vertintenseguadeloupe\/","https:\/\/www.youtube.com\/channel\/UCRymXR1Pa7n50AOgFy9n3bA"]},{"@type":"Person","@id":"https:\/\/www.vert-intense.com\/#\/schema\/person\/4dac2ad823e05c0ad031c5e47a35a964","name":"Eric BARRET","image":{"@type":"ImageObject","inLanguage":"nl-NL","@id":"https:\/\/www.vert-intense.com\/#\/schema\/person\/image\/","url":"https:\/\/secure.gravatar.com\/avatar\/cc354540bdeebe7ecd7ffffd4d08f59e?s=96&d=mm&r=g","contentUrl":"https:\/\/secure.gravatar.com\/avatar\/cc354540bdeebe7ecd7ffffd4d08f59e?s=96&d=mm&r=g","caption":"Eric BARRET"},"url":"https:\/\/www.vert-intense.com\/nl\/author\/eric_barret\/"}]}},"jetpack_featured_media_url":"https:\/\/i0.wp.com\/www.vert-intense.com\/wp-content\/uploads\/2025\/10\/Sapin-ananas-Les-Bananes-Vertes.jpg?fit=1000%2C1463&ssl=1","jetpack_sharing_enabled":true,"_links":{"self":[{"href":"https:\/\/www.vert-intense.com\/nl\/wp-json\/wp\/v2\/posts\/14229"}],"collection":[{"href":"https:\/\/www.vert-intense.com\/nl\/wp-json\/wp\/v2\/posts"}],"about":[{"href":"https:\/\/www.vert-intense.com\/nl\/wp-json\/wp\/v2\/types\/post"}],"author":[{"embeddable":true,"href":"https:\/\/www.vert-intense.com\/nl\/wp-json\/wp\/v2\/users\/3"}],"replies":[{"embeddable":true,"href":"https:\/\/www.vert-intense.com\/nl\/wp-json\/wp\/v2\/comments?post=14229"}],"version-history":[{"count":4,"href":"https:\/\/www.vert-intense.com\/nl\/wp-json\/wp\/v2\/posts\/14229\/revisions"}],"predecessor-version":[{"id":14309,"href":"https:\/\/www.vert-intense.com\/nl\/wp-json\/wp\/v2\/posts\/14229\/revisions\/14309"}],"wp:featuredmedia":[{"embeddable":true,"href":"https:\/\/www.vert-intense.com\/nl\/wp-json\/wp\/v2\/media\/14231"}],"wp:attachment":[{"href":"https:\/\/www.vert-intense.com\/nl\/wp-json\/wp\/v2\/media?parent=14229"}],"wp:term":[{"taxonomy":"category","embeddable":true,"href":"https:\/\/www.vert-intense.com\/nl\/wp-json\/wp\/v2\/categories?post=14229"},{"taxonomy":"post_tag","embeddable":true,"href":"https:\/\/www.vert-intense.com\/nl\/wp-json\/wp\/v2\/tags?post=14229"}],"curies":[{"name":"wp","href":"https:\/\/api.w.org\/{rel}","templated":true}]}}