{"id":4162,"date":"2024-07-04T12:31:07","date_gmt":"2024-07-04T16:31:07","guid":{"rendered":"https:\/\/www.vert-intense.com\/?p=4162"},"modified":"2024-09-15T10:02:42","modified_gmt":"2024-09-15T14:02:42","slug":"randonnee-a-terre-de-haut-ile-des-saintes","status":"publish","type":"post","link":"https:\/\/www.vert-intense.com\/fr\/randonnee-a-terre-de-haut-ile-des-saintes\/","title":{"rendered":"Randonn\u00e9e \u00e0 Terre-de-Haut, \u00eele des Saintes"},"content":{"rendered":"\n<p>Lors de votre s\u00e9jour en Guadeloupe ne passez pas \u00e0 c\u00f4t\u00e9 des \u00eeles des Saintes et de la randonn\u00e9e \u00e0 Terre-de-Haut. Ces \u00eeles vous donne envie de prolonger vos vacances !<\/p>\n\n\n\n<figure class=\"wp-block-gallery has-nested-images columns-default is-cropped wp-block-gallery-1 is-layout-flex wp-block-gallery-is-layout-flex\">\n<figure class=\"wp-block-image size-large\"><img data-recalc-dims=\"1\" loading=\"lazy\" decoding=\"async\" width=\"1024\" height=\"473\" data-id=\"4171\" src=\"https:\/\/i0.wp.com\/www.vert-intense.com\/wp-content\/uploads\/2024\/07\/TDHpointdevue.jpg?resize=1024%2C473&#038;ssl=1\" alt=\"\" class=\"wp-image-4171\" srcset=\"https:\/\/i0.wp.com\/www.vert-intense.com\/wp-content\/uploads\/2024\/07\/TDHpointdevue.jpg?resize=1024%2C473&amp;ssl=1 1024w, https:\/\/i0.wp.com\/www.vert-intense.com\/wp-content\/uploads\/2024\/07\/TDHpointdevue.jpg?resize=300%2C139&amp;ssl=1 300w, https:\/\/i0.wp.com\/www.vert-intense.com\/wp-content\/uploads\/2024\/07\/TDHpointdevue.jpg?resize=768%2C355&amp;ssl=1 768w, https:\/\/i0.wp.com\/www.vert-intense.com\/wp-content\/uploads\/2024\/07\/TDHpointdevue.jpg?resize=18%2C8&amp;ssl=1 18w, https:\/\/i0.wp.com\/www.vert-intense.com\/wp-content\/uploads\/2024\/07\/TDHpointdevue.jpg?resize=600%2C277&amp;ssl=1 600w, https:\/\/i0.wp.com\/www.vert-intense.com\/wp-content\/uploads\/2024\/07\/TDHpointdevue.jpg?w=1440&amp;ssl=1 1440w\" sizes=\"(max-width: 1000px) 100vw, 1000px\" \/><figcaption class=\"wp-element-caption\">Trace des cr\u00eates \u00e0 Terre-de-Haut<\/figcaption><\/figure>\n<\/figure>\n\n\n\n<h5 class=\"wp-block-heading\" id=\"h-un-petit-paradis\">Un petit paradis<\/h5>\n\n\n\n<p>Au sud de la Guadeloupe, prenez le bateau depuis Trois-Rivi\u00e8res aupr\u00e8s de la <a href=\"https:\/\/www.ctmdeher.com\/\" target=\"_blank\" rel=\"noreferrer noopener\">CTM Deher<\/a> pour vous rendre en 20 minutes sur les \u00eeles paradisiaques des Saintes. <br>ET vous arrivez dans une des plus belles baies du monde !<\/p>\n\n\n\n<h5 class=\"wp-block-heading\" id=\"h-depart-en-randonnee-de-la-baie-des-saintes-pour-le-morne-morel\">D\u00e9part en randonn\u00e9e de la baie des Saintes pour le Morne Morel<\/h5>\n\n\n\n<p>D\u00e9part depuis Terre-de-Haut, village aux maisons cr\u00e9oles color\u00e9es et \u00e0 l&#8217;architecture typique des Antilles, nous suivons la route en direction du Fort Napol\u00e9on.<br>Nous bifurquons vers la baie de Marigot pour ensuite suivre une trace balis\u00e9e par le conservatoire du littoral.<\/p>\n\n\n\n<figure class=\"wp-block-gallery has-nested-images columns-default is-cropped wp-block-gallery-2 is-layout-flex wp-block-gallery-is-layout-flex\">\n<figure class=\"wp-block-image size-large\"><img data-recalc-dims=\"1\" loading=\"lazy\" decoding=\"async\" width=\"473\" height=\"1024\" data-id=\"4254\" src=\"https:\/\/i0.wp.com\/www.vert-intense.com\/wp-content\/uploads\/2024\/07\/Terre-de-Haut-debut-du-sentier-Trace-des-Cretes.jpg?resize=473%2C1024&#038;ssl=1\" alt=\"Terre-de-Haut d\u00e9but du sentier Trace des Cr\u00eates\" class=\"wp-image-4254\" srcset=\"https:\/\/i0.wp.com\/www.vert-intense.com\/wp-content\/uploads\/2024\/07\/Terre-de-Haut-debut-du-sentier-Trace-des-Cretes-scaled.jpg?resize=473%2C1024&amp;ssl=1 473w, https:\/\/i0.wp.com\/www.vert-intense.com\/wp-content\/uploads\/2024\/07\/Terre-de-Haut-debut-du-sentier-Trace-des-Cretes-scaled.jpg?resize=139%2C300&amp;ssl=1 139w, https:\/\/i0.wp.com\/www.vert-intense.com\/wp-content\/uploads\/2024\/07\/Terre-de-Haut-debut-du-sentier-Trace-des-Cretes-scaled.jpg?resize=768%2C1662&amp;ssl=1 768w, https:\/\/i0.wp.com\/www.vert-intense.com\/wp-content\/uploads\/2024\/07\/Terre-de-Haut-debut-du-sentier-Trace-des-Cretes-scaled.jpg?resize=710%2C1536&amp;ssl=1 710w, https:\/\/i0.wp.com\/www.vert-intense.com\/wp-content\/uploads\/2024\/07\/Terre-de-Haut-debut-du-sentier-Trace-des-Cretes-scaled.jpg?resize=946%2C2048&amp;ssl=1 946w, https:\/\/i0.wp.com\/www.vert-intense.com\/wp-content\/uploads\/2024\/07\/Terre-de-Haut-debut-du-sentier-Trace-des-Cretes-scaled.jpg?resize=6%2C12&amp;ssl=1 6w, https:\/\/i0.wp.com\/www.vert-intense.com\/wp-content\/uploads\/2024\/07\/Terre-de-Haut-debut-du-sentier-Trace-des-Cretes-scaled.jpg?resize=600%2C1299&amp;ssl=1 600w, https:\/\/i0.wp.com\/www.vert-intense.com\/wp-content\/uploads\/2024\/07\/Terre-de-Haut-debut-du-sentier-Trace-des-Cretes-scaled.jpg?w=1183&amp;ssl=1 1183w\" sizes=\"(max-width: 473px) 100vw, 473px\" \/><figcaption class=\"wp-element-caption\">Terre-de-Haut d\u00e9but du sentier Trace des Cr\u00eates<\/figcaption><\/figure>\n\n\n\n<figure class=\"wp-block-image size-large\"><img data-recalc-dims=\"1\" loading=\"lazy\" decoding=\"async\" width=\"473\" height=\"1024\" data-id=\"4238\" src=\"https:\/\/i0.wp.com\/www.vert-intense.com\/wp-content\/uploads\/2024\/07\/TDHrandonneurVertiavecvue.jpg?resize=473%2C1024&#038;ssl=1\" alt=\"Sentier trace des Cr\u00eates Terre-de-Haut\" class=\"wp-image-4238\" srcset=\"https:\/\/i0.wp.com\/www.vert-intense.com\/wp-content\/uploads\/2024\/07\/TDHrandonneurVertiavecvue-scaled.jpg?resize=473%2C1024&amp;ssl=1 473w, https:\/\/i0.wp.com\/www.vert-intense.com\/wp-content\/uploads\/2024\/07\/TDHrandonneurVertiavecvue-scaled.jpg?resize=139%2C300&amp;ssl=1 139w, https:\/\/i0.wp.com\/www.vert-intense.com\/wp-content\/uploads\/2024\/07\/TDHrandonneurVertiavecvue-scaled.jpg?resize=768%2C1662&amp;ssl=1 768w, https:\/\/i0.wp.com\/www.vert-intense.com\/wp-content\/uploads\/2024\/07\/TDHrandonneurVertiavecvue-scaled.jpg?resize=710%2C1536&amp;ssl=1 710w, https:\/\/i0.wp.com\/www.vert-intense.com\/wp-content\/uploads\/2024\/07\/TDHrandonneurVertiavecvue-scaled.jpg?resize=946%2C2048&amp;ssl=1 946w, https:\/\/i0.wp.com\/www.vert-intense.com\/wp-content\/uploads\/2024\/07\/TDHrandonneurVertiavecvue-scaled.jpg?resize=6%2C12&amp;ssl=1 6w, https:\/\/i0.wp.com\/www.vert-intense.com\/wp-content\/uploads\/2024\/07\/TDHrandonneurVertiavecvue-scaled.jpg?resize=600%2C1299&amp;ssl=1 600w, https:\/\/i0.wp.com\/www.vert-intense.com\/wp-content\/uploads\/2024\/07\/TDHrandonneurVertiavecvue-scaled.jpg?w=1183&amp;ssl=1 1183w\" sizes=\"(max-width: 473px) 100vw, 473px\" \/><figcaption class=\"wp-element-caption\">Sentier trace des Cr\u00eates Terre-de-Haut<\/figcaption><\/figure>\n<\/figure>\n\n\n\n<h5 class=\"wp-block-heading\" id=\"h-sur-le-sentier\">Sur le sentier<\/h5>\n\n\n\n<p>Sur les \u00eeles de Saintes le climat est aride. La trace est g\u00e9n\u00e9ralement s\u00e8che avec de nombreux cailloux.<br>Vous allez avoir un petit peu de d\u00e9nivel\u00e9 pour arriver sur le sentier des cr\u00eates.<br>La premi\u00e8re vue panoramique sera face au Fort Napol\u00e9on et au fond la baie des Saintes.<\/p>\n\n\n\n<figure class=\"wp-block-image size-large\"><img data-recalc-dims=\"1\" loading=\"lazy\" decoding=\"async\" width=\"1024\" height=\"768\" src=\"https:\/\/i0.wp.com\/www.vert-intense.com\/wp-content\/uploads\/2024\/07\/Terre-de-Haut-Vue-panoramique.jpg?resize=1024%2C768&#038;ssl=1\" alt=\"Terre-de-Haut Vue panoramique\" class=\"wp-image-4257\" srcset=\"https:\/\/i0.wp.com\/www.vert-intense.com\/wp-content\/uploads\/2024\/07\/Terre-de-Haut-Vue-panoramique.jpg?resize=1024%2C768&amp;ssl=1 1024w, https:\/\/i0.wp.com\/www.vert-intense.com\/wp-content\/uploads\/2024\/07\/Terre-de-Haut-Vue-panoramique.jpg?resize=300%2C225&amp;ssl=1 300w, https:\/\/i0.wp.com\/www.vert-intense.com\/wp-content\/uploads\/2024\/07\/Terre-de-Haut-Vue-panoramique.jpg?resize=768%2C576&amp;ssl=1 768w, https:\/\/i0.wp.com\/www.vert-intense.com\/wp-content\/uploads\/2024\/07\/Terre-de-Haut-Vue-panoramique.jpg?resize=16%2C12&amp;ssl=1 16w, https:\/\/i0.wp.com\/www.vert-intense.com\/wp-content\/uploads\/2024\/07\/Terre-de-Haut-Vue-panoramique.jpg?resize=600%2C450&amp;ssl=1 600w, https:\/\/i0.wp.com\/www.vert-intense.com\/wp-content\/uploads\/2024\/07\/Terre-de-Haut-Vue-panoramique.jpg?w=1440&amp;ssl=1 1440w\" sizes=\"(max-width: 1000px) 100vw, 1000px\" \/><figcaption class=\"wp-element-caption\">Terre-de-haut Vue sur les Saintes<\/figcaption><\/figure>\n\n\n\n<p>Sur le chemin, nous allons croiser quelques animaux : les cabris en libert\u00e9, les iguanes, les bernards-lhermittes &#8230; Une marre, bien pleine apr\u00e8s la saison des pluies, est salvatrice pour tous ces animaux.<\/p>\n\n\n\n<figure class=\"wp-block-gallery has-nested-images columns-default is-cropped wp-block-gallery-3 is-layout-flex wp-block-gallery-is-layout-flex\">\n<figure class=\"wp-block-image size-large\"><img data-recalc-dims=\"1\" loading=\"lazy\" decoding=\"async\" width=\"1024\" height=\"473\" data-id=\"4251\" src=\"https:\/\/i0.wp.com\/www.vert-intense.com\/wp-content\/uploads\/2024\/07\/Terre-de-Haut-cabris-gris.jpg?resize=1024%2C473&#038;ssl=1\" alt=\"Terre-de-Haut, petit cabris gris\" class=\"wp-image-4251\" srcset=\"https:\/\/i0.wp.com\/www.vert-intense.com\/wp-content\/uploads\/2024\/07\/Terre-de-Haut-cabris-gris.jpg?resize=1024%2C473&amp;ssl=1 1024w, https:\/\/i0.wp.com\/www.vert-intense.com\/wp-content\/uploads\/2024\/07\/Terre-de-Haut-cabris-gris.jpg?resize=300%2C139&amp;ssl=1 300w, https:\/\/i0.wp.com\/www.vert-intense.com\/wp-content\/uploads\/2024\/07\/Terre-de-Haut-cabris-gris.jpg?resize=768%2C355&amp;ssl=1 768w, https:\/\/i0.wp.com\/www.vert-intense.com\/wp-content\/uploads\/2024\/07\/Terre-de-Haut-cabris-gris.jpg?resize=18%2C8&amp;ssl=1 18w, https:\/\/i0.wp.com\/www.vert-intense.com\/wp-content\/uploads\/2024\/07\/Terre-de-Haut-cabris-gris.jpg?resize=600%2C277&amp;ssl=1 600w, https:\/\/i0.wp.com\/www.vert-intense.com\/wp-content\/uploads\/2024\/07\/Terre-de-Haut-cabris-gris.jpg?w=1440&amp;ssl=1 1440w\" sizes=\"(max-width: 1000px) 100vw, 1000px\" \/><figcaption class=\"wp-element-caption\">Terre-de-Haut, petit cabris gris<\/figcaption><\/figure>\n\n\n\n<figure class=\"wp-block-image size-large\"><img data-recalc-dims=\"1\" loading=\"lazy\" decoding=\"async\" width=\"1024\" height=\"473\" data-id=\"4250\" src=\"https:\/\/i0.wp.com\/www.vert-intense.com\/wp-content\/uploads\/2024\/07\/Terre-de-Haut-Bassin-Trace-des-Cretes.jpg?resize=1024%2C473&#038;ssl=1\" alt=\"Terre-de-Haut Bassin Trace des Cr\u00eates, la mare\" class=\"wp-image-4250\" srcset=\"https:\/\/i0.wp.com\/www.vert-intense.com\/wp-content\/uploads\/2024\/07\/Terre-de-Haut-Bassin-Trace-des-Cretes.jpg?resize=1024%2C473&amp;ssl=1 1024w, https:\/\/i0.wp.com\/www.vert-intense.com\/wp-content\/uploads\/2024\/07\/Terre-de-Haut-Bassin-Trace-des-Cretes.jpg?resize=300%2C139&amp;ssl=1 300w, https:\/\/i0.wp.com\/www.vert-intense.com\/wp-content\/uploads\/2024\/07\/Terre-de-Haut-Bassin-Trace-des-Cretes.jpg?resize=768%2C355&amp;ssl=1 768w, https:\/\/i0.wp.com\/www.vert-intense.com\/wp-content\/uploads\/2024\/07\/Terre-de-Haut-Bassin-Trace-des-Cretes.jpg?resize=18%2C8&amp;ssl=1 18w, https:\/\/i0.wp.com\/www.vert-intense.com\/wp-content\/uploads\/2024\/07\/Terre-de-Haut-Bassin-Trace-des-Cretes.jpg?resize=600%2C277&amp;ssl=1 600w, https:\/\/i0.wp.com\/www.vert-intense.com\/wp-content\/uploads\/2024\/07\/Terre-de-Haut-Bassin-Trace-des-Cretes.jpg?w=1440&amp;ssl=1 1440w\" sizes=\"(max-width: 1000px) 100vw, 1000px\" \/><figcaption class=\"wp-element-caption\">Terre-de-Haut Bassin Trace des Cr\u00eates, la mare<\/figcaption><\/figure>\n<\/figure>\n\n\n\n<p><\/p>\n\n\n\n<p>Et encore un petit effort et nous arrivons sur les Cr\u00eates. La vue est \u00e0 360\u00b0 avec d&#8217;un c\u00f4t\u00e9 la Guadeloupe, la D\u00e9sirade et Marie-Galante, de l&#8217;autre l&#8217;\u00eele de la Dominique (Dominica) et notre archipel des Saintes.<\/p>\n\n\n\n<figure class=\"wp-block-image size-large\"><img data-recalc-dims=\"1\" loading=\"lazy\" decoding=\"async\" width=\"1024\" height=\"768\" src=\"https:\/\/i0.wp.com\/www.vert-intense.com\/wp-content\/uploads\/2024\/07\/TdHvuePontpierrebanc.jpg?resize=1024%2C768&#038;ssl=1\" alt=\"\" class=\"wp-image-4239\" srcset=\"https:\/\/i0.wp.com\/www.vert-intense.com\/wp-content\/uploads\/2024\/07\/TdHvuePontpierrebanc.jpg?resize=1024%2C768&amp;ssl=1 1024w, https:\/\/i0.wp.com\/www.vert-intense.com\/wp-content\/uploads\/2024\/07\/TdHvuePontpierrebanc.jpg?resize=300%2C225&amp;ssl=1 300w, https:\/\/i0.wp.com\/www.vert-intense.com\/wp-content\/uploads\/2024\/07\/TdHvuePontpierrebanc.jpg?resize=768%2C576&amp;ssl=1 768w, https:\/\/i0.wp.com\/www.vert-intense.com\/wp-content\/uploads\/2024\/07\/TdHvuePontpierrebanc.jpg?resize=16%2C12&amp;ssl=1 16w, https:\/\/i0.wp.com\/www.vert-intense.com\/wp-content\/uploads\/2024\/07\/TdHvuePontpierrebanc.jpg?resize=600%2C450&amp;ssl=1 600w, https:\/\/i0.wp.com\/www.vert-intense.com\/wp-content\/uploads\/2024\/07\/TdHvuePontpierrebanc.jpg?w=1440&amp;ssl=1 1440w\" sizes=\"(max-width: 1000px) 100vw, 1000px\" \/><figcaption class=\"wp-element-caption\">Vue plage de Pompierre<\/figcaption><\/figure>\n\n\n\n<h5 class=\"wp-block-heading\" id=\"h-le-fort-caroline\">Le Fort Caroline<\/h5>\n\n\n\n<p>Au bout de la Cr\u00eate, apr\u00e8s l&#8217;ancienne batterie de canon, nous arrivons au fort Caroline, situ\u00e9 sur le morne Morel.<\/p>\n\n\n\n<figure class=\"wp-block-image size-large\"><img data-recalc-dims=\"1\" loading=\"lazy\" decoding=\"async\" width=\"1024\" height=\"473\" src=\"https:\/\/i0.wp.com\/www.vert-intense.com\/wp-content\/uploads\/2024\/07\/Terre-de-Haut-Fort-Caroline.jpg?resize=1024%2C473&#038;ssl=1\" alt=\"Terre-de-Haut Fort Caroline\" class=\"wp-image-4256\" srcset=\"https:\/\/i0.wp.com\/www.vert-intense.com\/wp-content\/uploads\/2024\/07\/Terre-de-Haut-Fort-Caroline.jpg?resize=1024%2C473&amp;ssl=1 1024w, https:\/\/i0.wp.com\/www.vert-intense.com\/wp-content\/uploads\/2024\/07\/Terre-de-Haut-Fort-Caroline.jpg?resize=300%2C139&amp;ssl=1 300w, https:\/\/i0.wp.com\/www.vert-intense.com\/wp-content\/uploads\/2024\/07\/Terre-de-Haut-Fort-Caroline.jpg?resize=768%2C355&amp;ssl=1 768w, https:\/\/i0.wp.com\/www.vert-intense.com\/wp-content\/uploads\/2024\/07\/Terre-de-Haut-Fort-Caroline.jpg?resize=18%2C8&amp;ssl=1 18w, https:\/\/i0.wp.com\/www.vert-intense.com\/wp-content\/uploads\/2024\/07\/Terre-de-Haut-Fort-Caroline.jpg?resize=600%2C277&amp;ssl=1 600w, https:\/\/i0.wp.com\/www.vert-intense.com\/wp-content\/uploads\/2024\/07\/Terre-de-Haut-Fort-Caroline.jpg?w=1440&amp;ssl=1 1440w\" sizes=\"(max-width: 1000px) 100vw, 1000px\" \/><figcaption class=\"wp-element-caption\">Terre-de-Haut Fort Caroline<\/figcaption><\/figure>\n\n\n\n<p>Votre guide vous fait un plaisir de vous conter l&#8217;histoire de Caroline et du chevalier de Fr\u00e9minville, triste histoire, notre Rom\u00e9o et Juliette.<\/p>\n\n\n\n<p>De retour dans le village, faites un petit tour dans le rues pour d\u00e9couvrir l&#8217;architecture cr\u00e9ole des maisons et du soin apport\u00e9 dans l&#8217;harmonie des couleurs.<br>Une multitude de restaurant propose du poisson frais, sur la plage de Fond Cur\u00e9, il se peut que vous puissiez voir les p\u00eacheurs.<\/p>\n\n\n\n<p>Vous souhaitez r\u00e9server <a href=\"https:\/\/www.vert-intense.com\/fr\/activite-guadeloupe\/randonnee-guadeloupe\/randonnee-sur-mesure-guadeloupe\/votre-randonnee\/\" target=\"_blank\" rel=\"noreferrer noopener\">un guide priv\u00e9<\/a>.<\/p>\n\n\n\n<p>Si vous souhaitez rester une nuit aux Saintes, nous vous recommandons <a href=\"https:\/\/www.lapetitevilladessaintes.fr\/fr\/\" target=\"_blank\" rel=\"noreferrer noopener\">la Petite Villa des Saintes<\/a>, avec une vue panoramique. N&#8217;h\u00e9sitez pas \u00e0 rester une petite semaine lors d&#8217;un prochain s\u00e9jour.<br>Dormir sur Terre-de-Haut permet de d\u00e9couvrir l&#8217;\u00eele autrement !<\/p>\n\n\n\n<figure class=\"wp-block-image size-large\"><img data-recalc-dims=\"1\" loading=\"lazy\" decoding=\"async\" width=\"768\" height=\"1024\" src=\"https:\/\/i0.wp.com\/www.vert-intense.com\/wp-content\/uploads\/2024\/07\/Terre-de-Haut-Cocktail-les-Pieds-dans-leau.jpg?resize=768%2C1024&#038;ssl=1\" alt=\"Terre-de-Haut Cocktail les Pieds dans l'eau\" class=\"wp-image-4253\" srcset=\"https:\/\/i0.wp.com\/www.vert-intense.com\/wp-content\/uploads\/2024\/07\/Terre-de-Haut-Cocktail-les-Pieds-dans-leau-rotated.jpg?resize=768%2C1024&amp;ssl=1 768w, https:\/\/i0.wp.com\/www.vert-intense.com\/wp-content\/uploads\/2024\/07\/Terre-de-Haut-Cocktail-les-Pieds-dans-leau-rotated.jpg?resize=225%2C300&amp;ssl=1 225w, https:\/\/i0.wp.com\/www.vert-intense.com\/wp-content\/uploads\/2024\/07\/Terre-de-Haut-Cocktail-les-Pieds-dans-leau-rotated.jpg?resize=1152%2C1536&amp;ssl=1 1152w, https:\/\/i0.wp.com\/www.vert-intense.com\/wp-content\/uploads\/2024\/07\/Terre-de-Haut-Cocktail-les-Pieds-dans-leau-rotated.jpg?resize=9%2C12&amp;ssl=1 9w, https:\/\/i0.wp.com\/www.vert-intense.com\/wp-content\/uploads\/2024\/07\/Terre-de-Haut-Cocktail-les-Pieds-dans-leau-rotated.jpg?resize=600%2C800&amp;ssl=1 600w, https:\/\/i0.wp.com\/www.vert-intense.com\/wp-content\/uploads\/2024\/07\/Terre-de-Haut-Cocktail-les-Pieds-dans-leau-rotated.jpg?w=1440&amp;ssl=1 1440w\" sizes=\"(max-width: 768px) 100vw, 768px\" \/><figcaption class=\"wp-element-caption\">Terre-de-Haut Cocktail les Pieds dans l&#8217;eau<\/figcaption><\/figure>\n","protected":false},"excerpt":{"rendered":"<p>Lors de votre s\u00e9jour en Guadeloupe ne passez pas \u00e0 c\u00f4t\u00e9 des \u00eeles des Saintes et de la randonn\u00e9e \u00e0 Terre-de-Haut. Ces \u00eeles vous donne envie de prolonger vos vacances ! Un petit paradis Au sud de la Guadeloupe, prenez le bateau depuis Trois-Rivi\u00e8res aupr\u00e8s de la CTM Deher pour vous rendre en 20 minutes [&hellip;]<\/p>\n","protected":false},"author":7,"featured_media":4257,"comment_status":"open","ping_status":"open","sticky":false,"template":"","format":"standard","meta":{"_jetpack_memberships_contains_paid_content":false,"footnotes":""},"categories":[124],"tags":[],"class_list":["post-4162","post","type-post","status-publish","format-standard","has-post-thumbnail","hentry","category-les-saintes"],"yoast_head":"<!-- This site is optimized with the Yoast SEO Premium plugin v25.3.1 (Yoast SEO v25.3.1) - https:\/\/yoast.com\/wordpress\/plugins\/seo\/ -->\n<title>Randonn\u00e9e \u00e0 Terre-de-Haut, \u00eele des Saintes - Vert Intense<\/title>\n<meta name=\"description\" content=\"D\u00e9couvrez la fabuleuse randonn\u00e9e \u00e0 Terre-de-Haut les Saintes en Guadeloupe. Profitez de paysages paradisiaques et d&#039;un sentier de cr\u00eate avec vues panoramiques.\" \/>\n<meta name=\"robots\" content=\"index, follow, max-snippet:-1, max-image-preview:large, max-video-preview:-1\" \/>\n<link rel=\"canonical\" href=\"https:\/\/www.vert-intense.com\/fr\/randonnee-a-terre-de-haut-ile-des-saintes\/\" \/>\n<meta property=\"og:locale\" content=\"fr_FR\" \/>\n<meta property=\"og:type\" content=\"article\" \/>\n<meta property=\"og:title\" content=\"Randonn\u00e9e \u00e0 Terre-de-Haut, \u00eele des Saintes\" \/>\n<meta property=\"og:description\" content=\"D\u00e9couvrez la fabuleuse randonn\u00e9e \u00e0 Terre-de-Haut les Saintes en Guadeloupe. Profitez de paysages paradisiaques et d&#039;un sentier de cr\u00eate avec vues panoramiques.\" \/>\n<meta property=\"og:url\" content=\"https:\/\/www.vert-intense.com\/fr\/randonnee-a-terre-de-haut-ile-des-saintes\/\" \/>\n<meta property=\"og:site_name\" content=\"Vert Intense\" \/>\n<meta property=\"article:publisher\" content=\"https:\/\/www.facebook.com\/vertintense\" \/>\n<meta property=\"article:published_time\" content=\"2024-07-04T16:31:07+00:00\" \/>\n<meta property=\"article:modified_time\" content=\"2024-09-15T14:02:42+00:00\" \/>\n<meta property=\"og:image\" content=\"https:\/\/www.vert-intense.com\/wp-content\/uploads\/2024\/07\/Terre-de-Haut-Vue-panoramique.jpg\" \/>\n\t<meta property=\"og:image:width\" content=\"1440\" \/>\n\t<meta property=\"og:image:height\" content=\"1080\" \/>\n\t<meta property=\"og:image:type\" content=\"image\/jpeg\" \/>\n<meta name=\"author\" content=\"Laurence BARRET\" \/>\n<meta name=\"twitter:card\" content=\"summary_large_image\" \/>\n<meta name=\"twitter:label1\" content=\"\u00c9crit par\" \/>\n\t<meta name=\"twitter:data1\" content=\"Laurence BARRET\" \/>\n\t<meta name=\"twitter:label2\" content=\"Dur\u00e9e de lecture estim\u00e9e\" \/>\n\t<meta name=\"twitter:data2\" content=\"5 minutes\" \/>\n<script type=\"application\/ld+json\" class=\"yoast-schema-graph\">{\"@context\":\"https:\/\/schema.org\",\"@graph\":[{\"@type\":\"Article\",\"@id\":\"https:\/\/www.vert-intense.com\/randonnee-a-terre-de-haut-ile-des-saintes\/#article\",\"isPartOf\":{\"@id\":\"https:\/\/www.vert-intense.com\/randonnee-a-terre-de-haut-ile-des-saintes\/\"},\"author\":{\"name\":\"Laurence BARRET\",\"@id\":\"https:\/\/www.vert-intense.com\/#\/schema\/person\/8a638fefcacbfbb921f1efcc15cb9d2a\"},\"headline\":\"Randonn\u00e9e \u00e0 Terre-de-Haut, \u00eele des Saintes\",\"datePublished\":\"2024-07-04T16:31:07+00:00\",\"dateModified\":\"2024-09-15T14:02:42+00:00\",\"mainEntityOfPage\":{\"@id\":\"https:\/\/www.vert-intense.com\/randonnee-a-terre-de-haut-ile-des-saintes\/\"},\"wordCount\":479,\"commentCount\":0,\"publisher\":{\"@id\":\"https:\/\/www.vert-intense.com\/#organization\"},\"image\":{\"@id\":\"https:\/\/www.vert-intense.com\/randonnee-a-terre-de-haut-ile-des-saintes\/#primaryimage\"},\"thumbnailUrl\":\"https:\/\/i0.wp.com\/www.vert-intense.com\/wp-content\/uploads\/2024\/07\/Terre-de-Haut-Vue-panoramique.jpg?fit=1440%2C1080&ssl=1\",\"articleSection\":[\"Les Saintes\"],\"inLanguage\":\"fr-FR\",\"potentialAction\":[{\"@type\":\"CommentAction\",\"name\":\"Comment\",\"target\":[\"https:\/\/www.vert-intense.com\/randonnee-a-terre-de-haut-ile-des-saintes\/#respond\"]}]},{\"@type\":\"WebPage\",\"@id\":\"https:\/\/www.vert-intense.com\/randonnee-a-terre-de-haut-ile-des-saintes\/\",\"url\":\"https:\/\/www.vert-intense.com\/randonnee-a-terre-de-haut-ile-des-saintes\/\",\"name\":\"Randonn\u00e9e \u00e0 Terre-de-Haut, \u00eele des Saintes - Vert Intense\",\"isPartOf\":{\"@id\":\"https:\/\/www.vert-intense.com\/#website\"},\"primaryImageOfPage\":{\"@id\":\"https:\/\/www.vert-intense.com\/randonnee-a-terre-de-haut-ile-des-saintes\/#primaryimage\"},\"image\":{\"@id\":\"https:\/\/www.vert-intense.com\/randonnee-a-terre-de-haut-ile-des-saintes\/#primaryimage\"},\"thumbnailUrl\":\"https:\/\/i0.wp.com\/www.vert-intense.com\/wp-content\/uploads\/2024\/07\/Terre-de-Haut-Vue-panoramique.jpg?fit=1440%2C1080&ssl=1\",\"datePublished\":\"2024-07-04T16:31:07+00:00\",\"dateModified\":\"2024-09-15T14:02:42+00:00\",\"description\":\"D\u00e9couvrez la fabuleuse randonn\u00e9e \u00e0 Terre-de-Haut les Saintes en Guadeloupe. Profitez de paysages paradisiaques et d'un sentier de cr\u00eate avec vues panoramiques.\",\"breadcrumb\":{\"@id\":\"https:\/\/www.vert-intense.com\/randonnee-a-terre-de-haut-ile-des-saintes\/#breadcrumb\"},\"inLanguage\":\"fr-FR\",\"potentialAction\":[{\"@type\":\"ReadAction\",\"target\":[\"https:\/\/www.vert-intense.com\/randonnee-a-terre-de-haut-ile-des-saintes\/\"]}]},{\"@type\":\"ImageObject\",\"inLanguage\":\"fr-FR\",\"@id\":\"https:\/\/www.vert-intense.com\/randonnee-a-terre-de-haut-ile-des-saintes\/#primaryimage\",\"url\":\"https:\/\/i0.wp.com\/www.vert-intense.com\/wp-content\/uploads\/2024\/07\/Terre-de-Haut-Vue-panoramique.jpg?fit=1440%2C1080&ssl=1\",\"contentUrl\":\"https:\/\/i0.wp.com\/www.vert-intense.com\/wp-content\/uploads\/2024\/07\/Terre-de-Haut-Vue-panoramique.jpg?fit=1440%2C1080&ssl=1\",\"width\":1440,\"height\":1080,\"caption\":\"Terre-de-haut Vue sur les Saintes\"},{\"@type\":\"BreadcrumbList\",\"@id\":\"https:\/\/www.vert-intense.com\/randonnee-a-terre-de-haut-ile-des-saintes\/#breadcrumb\",\"itemListElement\":[{\"@type\":\"ListItem\",\"position\":1,\"name\":\"Accueil\",\"item\":\"https:\/\/www.vert-intense.com\/\"},{\"@type\":\"ListItem\",\"position\":2,\"name\":\"Randonn\u00e9e \u00e0 Terre-de-Haut, \u00eele des Saintes\"}]},{\"@type\":\"WebSite\",\"@id\":\"https:\/\/www.vert-intense.com\/#website\",\"url\":\"https:\/\/www.vert-intense.com\/\",\"name\":\"Vert-Intense\",\"description\":\"R\u00e9servez vos activit\u00e9s d\u00e9couvertes en Guadeloupe\",\"publisher\":{\"@id\":\"https:\/\/www.vert-intense.com\/#organization\"},\"potentialAction\":[{\"@type\":\"SearchAction\",\"target\":{\"@type\":\"EntryPoint\",\"urlTemplate\":\"https:\/\/www.vert-intense.com\/?s={search_term_string}\"},\"query-input\":{\"@type\":\"PropertyValueSpecification\",\"valueRequired\":true,\"valueName\":\"search_term_string\"}}],\"inLanguage\":\"fr-FR\"},{\"@type\":\"Organization\",\"@id\":\"https:\/\/www.vert-intense.com\/#organization\",\"name\":\"Vert-Intense\",\"url\":\"https:\/\/www.vert-intense.com\/\",\"logo\":{\"@type\":\"ImageObject\",\"inLanguage\":\"fr-FR\",\"@id\":\"https:\/\/www.vert-intense.com\/#\/schema\/logo\/image\/\",\"url\":\"https:\/\/i0.wp.com\/www.vert-intense.com\/wp-content\/uploads\/2023\/07\/logo.png?fit=960%2C960&ssl=1\",\"contentUrl\":\"https:\/\/i0.wp.com\/www.vert-intense.com\/wp-content\/uploads\/2023\/07\/logo.png?fit=960%2C960&ssl=1\",\"width\":960,\"height\":960,\"caption\":\"Vert-Intense\"},\"image\":{\"@id\":\"https:\/\/www.vert-intense.com\/#\/schema\/logo\/image\/\"},\"sameAs\":[\"https:\/\/www.facebook.com\/vertintense\",\"https:\/\/www.tripadvisor.fr\/Attraction_Review-g1644623-d1649481-Reviews-Vert_Intense-Saint_Claude_Basse_Terre_Island_Guadeloupe.html\",\"https:\/\/www.tiktok.com\/@vertintense\",\"https:\/\/www.instagram.com\/vertintenseguadeloupe\/\",\"https:\/\/www.youtube.com\/channel\/UCRymXR1Pa7n50AOgFy9n3bA\"]},{\"@type\":\"Person\",\"@id\":\"https:\/\/www.vert-intense.com\/#\/schema\/person\/8a638fefcacbfbb921f1efcc15cb9d2a\",\"name\":\"Laurence BARRET\",\"image\":{\"@type\":\"ImageObject\",\"inLanguage\":\"fr-FR\",\"@id\":\"https:\/\/www.vert-intense.com\/#\/schema\/person\/image\/\",\"url\":\"https:\/\/secure.gravatar.com\/avatar\/77cb14d7ce39170787b462fbab96bf8c?s=96&d=mm&r=g\",\"contentUrl\":\"https:\/\/secure.gravatar.com\/avatar\/77cb14d7ce39170787b462fbab96bf8c?s=96&d=mm&r=g\",\"caption\":\"Laurence BARRET\"},\"url\":\"https:\/\/www.vert-intense.com\/fr\/author\/laurence\/\"}]}<\/script>\n<!-- \/ Yoast SEO Premium plugin. -->","yoast_head_json":{"title":"Randonn\u00e9e \u00e0 Terre-de-Haut, \u00eele des Saintes - Vert Intense","description":"D\u00e9couvrez la fabuleuse randonn\u00e9e \u00e0 Terre-de-Haut les Saintes en Guadeloupe. Profitez de paysages paradisiaques et d'un sentier de cr\u00eate avec vues panoramiques.","robots":{"index":"index","follow":"follow","max-snippet":"max-snippet:-1","max-image-preview":"max-image-preview:large","max-video-preview":"max-video-preview:-1"},"canonical":"https:\/\/www.vert-intense.com\/fr\/randonnee-a-terre-de-haut-ile-des-saintes\/","og_locale":"fr_FR","og_type":"article","og_title":"Randonn\u00e9e \u00e0 Terre-de-Haut, \u00eele des Saintes","og_description":"D\u00e9couvrez la fabuleuse randonn\u00e9e \u00e0 Terre-de-Haut les Saintes en Guadeloupe. Profitez de paysages paradisiaques et d'un sentier de cr\u00eate avec vues panoramiques.","og_url":"https:\/\/www.vert-intense.com\/fr\/randonnee-a-terre-de-haut-ile-des-saintes\/","og_site_name":"Vert Intense","article_publisher":"https:\/\/www.facebook.com\/vertintense","article_published_time":"2024-07-04T16:31:07+00:00","article_modified_time":"2024-09-15T14:02:42+00:00","og_image":[{"width":1440,"height":1080,"url":"https:\/\/www.vert-intense.com\/wp-content\/uploads\/2024\/07\/Terre-de-Haut-Vue-panoramique.jpg","type":"image\/jpeg"}],"author":"Laurence BARRET","twitter_card":"summary_large_image","twitter_misc":{"\u00c9crit par":"Laurence BARRET","Dur\u00e9e de lecture estim\u00e9e":"5 minutes"},"schema":{"@context":"https:\/\/schema.org","@graph":[{"@type":"Article","@id":"https:\/\/www.vert-intense.com\/randonnee-a-terre-de-haut-ile-des-saintes\/#article","isPartOf":{"@id":"https:\/\/www.vert-intense.com\/randonnee-a-terre-de-haut-ile-des-saintes\/"},"author":{"name":"Laurence BARRET","@id":"https:\/\/www.vert-intense.com\/#\/schema\/person\/8a638fefcacbfbb921f1efcc15cb9d2a"},"headline":"Randonn\u00e9e \u00e0 Terre-de-Haut, \u00eele des Saintes","datePublished":"2024-07-04T16:31:07+00:00","dateModified":"2024-09-15T14:02:42+00:00","mainEntityOfPage":{"@id":"https:\/\/www.vert-intense.com\/randonnee-a-terre-de-haut-ile-des-saintes\/"},"wordCount":479,"commentCount":0,"publisher":{"@id":"https:\/\/www.vert-intense.com\/#organization"},"image":{"@id":"https:\/\/www.vert-intense.com\/randonnee-a-terre-de-haut-ile-des-saintes\/#primaryimage"},"thumbnailUrl":"https:\/\/i0.wp.com\/www.vert-intense.com\/wp-content\/uploads\/2024\/07\/Terre-de-Haut-Vue-panoramique.jpg?fit=1440%2C1080&ssl=1","articleSection":["Les Saintes"],"inLanguage":"fr-FR","potentialAction":[{"@type":"CommentAction","name":"Comment","target":["https:\/\/www.vert-intense.com\/randonnee-a-terre-de-haut-ile-des-saintes\/#respond"]}]},{"@type":"WebPage","@id":"https:\/\/www.vert-intense.com\/randonnee-a-terre-de-haut-ile-des-saintes\/","url":"https:\/\/www.vert-intense.com\/randonnee-a-terre-de-haut-ile-des-saintes\/","name":"Randonn\u00e9e \u00e0 Terre-de-Haut, \u00eele des Saintes - Vert Intense","isPartOf":{"@id":"https:\/\/www.vert-intense.com\/#website"},"primaryImageOfPage":{"@id":"https:\/\/www.vert-intense.com\/randonnee-a-terre-de-haut-ile-des-saintes\/#primaryimage"},"image":{"@id":"https:\/\/www.vert-intense.com\/randonnee-a-terre-de-haut-ile-des-saintes\/#primaryimage"},"thumbnailUrl":"https:\/\/i0.wp.com\/www.vert-intense.com\/wp-content\/uploads\/2024\/07\/Terre-de-Haut-Vue-panoramique.jpg?fit=1440%2C1080&ssl=1","datePublished":"2024-07-04T16:31:07+00:00","dateModified":"2024-09-15T14:02:42+00:00","description":"D\u00e9couvrez la fabuleuse randonn\u00e9e \u00e0 Terre-de-Haut les Saintes en Guadeloupe. Profitez de paysages paradisiaques et d'un sentier de cr\u00eate avec vues panoramiques.","breadcrumb":{"@id":"https:\/\/www.vert-intense.com\/randonnee-a-terre-de-haut-ile-des-saintes\/#breadcrumb"},"inLanguage":"fr-FR","potentialAction":[{"@type":"ReadAction","target":["https:\/\/www.vert-intense.com\/randonnee-a-terre-de-haut-ile-des-saintes\/"]}]},{"@type":"ImageObject","inLanguage":"fr-FR","@id":"https:\/\/www.vert-intense.com\/randonnee-a-terre-de-haut-ile-des-saintes\/#primaryimage","url":"https:\/\/i0.wp.com\/www.vert-intense.com\/wp-content\/uploads\/2024\/07\/Terre-de-Haut-Vue-panoramique.jpg?fit=1440%2C1080&ssl=1","contentUrl":"https:\/\/i0.wp.com\/www.vert-intense.com\/wp-content\/uploads\/2024\/07\/Terre-de-Haut-Vue-panoramique.jpg?fit=1440%2C1080&ssl=1","width":1440,"height":1080,"caption":"Terre-de-haut Vue sur les Saintes"},{"@type":"BreadcrumbList","@id":"https:\/\/www.vert-intense.com\/randonnee-a-terre-de-haut-ile-des-saintes\/#breadcrumb","itemListElement":[{"@type":"ListItem","position":1,"name":"Accueil","item":"https:\/\/www.vert-intense.com\/"},{"@type":"ListItem","position":2,"name":"Randonn\u00e9e \u00e0 Terre-de-Haut, \u00eele des Saintes"}]},{"@type":"WebSite","@id":"https:\/\/www.vert-intense.com\/#website","url":"https:\/\/www.vert-intense.com\/","name":"Vert-Intense","description":"R\u00e9servez vos activit\u00e9s d\u00e9couvertes en Guadeloupe","publisher":{"@id":"https:\/\/www.vert-intense.com\/#organization"},"potentialAction":[{"@type":"SearchAction","target":{"@type":"EntryPoint","urlTemplate":"https:\/\/www.vert-intense.com\/?s={search_term_string}"},"query-input":{"@type":"PropertyValueSpecification","valueRequired":true,"valueName":"search_term_string"}}],"inLanguage":"fr-FR"},{"@type":"Organization","@id":"https:\/\/www.vert-intense.com\/#organization","name":"Vert-Intense","url":"https:\/\/www.vert-intense.com\/","logo":{"@type":"ImageObject","inLanguage":"fr-FR","@id":"https:\/\/www.vert-intense.com\/#\/schema\/logo\/image\/","url":"https:\/\/i0.wp.com\/www.vert-intense.com\/wp-content\/uploads\/2023\/07\/logo.png?fit=960%2C960&ssl=1","contentUrl":"https:\/\/i0.wp.com\/www.vert-intense.com\/wp-content\/uploads\/2023\/07\/logo.png?fit=960%2C960&ssl=1","width":960,"height":960,"caption":"Vert-Intense"},"image":{"@id":"https:\/\/www.vert-intense.com\/#\/schema\/logo\/image\/"},"sameAs":["https:\/\/www.facebook.com\/vertintense","https:\/\/www.tripadvisor.fr\/Attraction_Review-g1644623-d1649481-Reviews-Vert_Intense-Saint_Claude_Basse_Terre_Island_Guadeloupe.html","https:\/\/www.tiktok.com\/@vertintense","https:\/\/www.instagram.com\/vertintenseguadeloupe\/","https:\/\/www.youtube.com\/channel\/UCRymXR1Pa7n50AOgFy9n3bA"]},{"@type":"Person","@id":"https:\/\/www.vert-intense.com\/#\/schema\/person\/8a638fefcacbfbb921f1efcc15cb9d2a","name":"Laurence BARRET","image":{"@type":"ImageObject","inLanguage":"fr-FR","@id":"https:\/\/www.vert-intense.com\/#\/schema\/person\/image\/","url":"https:\/\/secure.gravatar.com\/avatar\/77cb14d7ce39170787b462fbab96bf8c?s=96&d=mm&r=g","contentUrl":"https:\/\/secure.gravatar.com\/avatar\/77cb14d7ce39170787b462fbab96bf8c?s=96&d=mm&r=g","caption":"Laurence BARRET"},"url":"https:\/\/www.vert-intense.com\/fr\/author\/laurence\/"}]}},"jetpack_featured_media_url":"https:\/\/i0.wp.com\/www.vert-intense.com\/wp-content\/uploads\/2024\/07\/Terre-de-Haut-Vue-panoramique.jpg?fit=1440%2C1080&ssl=1","jetpack_sharing_enabled":true,"_links":{"self":[{"href":"https:\/\/www.vert-intense.com\/fr\/wp-json\/wp\/v2\/posts\/4162"}],"collection":[{"href":"https:\/\/www.vert-intense.com\/fr\/wp-json\/wp\/v2\/posts"}],"about":[{"href":"https:\/\/www.vert-intense.com\/fr\/wp-json\/wp\/v2\/types\/post"}],"author":[{"embeddable":true,"href":"https:\/\/www.vert-intense.com\/fr\/wp-json\/wp\/v2\/users\/7"}],"replies":[{"embeddable":true,"href":"https:\/\/www.vert-intense.com\/fr\/wp-json\/wp\/v2\/comments?post=4162"}],"version-history":[{"count":7,"href":"https:\/\/www.vert-intense.com\/fr\/wp-json\/wp\/v2\/posts\/4162\/revisions"}],"predecessor-version":[{"id":4461,"href":"https:\/\/www.vert-intense.com\/fr\/wp-json\/wp\/v2\/posts\/4162\/revisions\/4461"}],"wp:featuredmedia":[{"embeddable":true,"href":"https:\/\/www.vert-intense.com\/fr\/wp-json\/wp\/v2\/media\/4257"}],"wp:attachment":[{"href":"https:\/\/www.vert-intense.com\/fr\/wp-json\/wp\/v2\/media?parent=4162"}],"wp:term":[{"taxonomy":"category","embeddable":true,"href":"https:\/\/www.vert-intense.com\/fr\/wp-json\/wp\/v2\/categories?post=4162"},{"taxonomy":"post_tag","embeddable":true,"href":"https:\/\/www.vert-intense.com\/fr\/wp-json\/wp\/v2\/tags?post=4162"}],"curies":[{"name":"wp","href":"https:\/\/api.w.org\/{rel}","templated":true}]}}