{"id":1,"date":"2023-07-05T16:05:29","date_gmt":"2023-07-05T14:05:29","guid":{"rendered":"http:\/\/xedhqzi.cluster100.hosting.ovh.net\/?p=1"},"modified":"2024-07-30T15:51:49","modified_gmt":"2024-07-30T19:51:49","slug":"die-spur-victor-hugues","status":"publish","type":"post","link":"https:\/\/www.vert-intense.com\/de\/die-spur-victor-hugues\/","title":{"rendered":"Der Victor Hugues Trace"},"content":{"rendered":"<p>Der Victor Hughes Trace auf Guadeloupe f\u00fchrt durch abwechslungsreiche Landschaften, die vom Regenwald bis zu alten Zuckerplantagen reichen, und zu herrlichen Aussichtspunkten auf das Karibische Meer.<\/p>\n\n\n\n<p>Dies ist ein historischer Pfad auf Guadeloupe, auf dem Wanderer den Spuren des ehemaligen Kommissars der franz\u00f6sischen Republik, Victor Hugues, folgen k\u00f6nnen,<\/p>\n\n\n\n<p>Diese Wanderung ist sowohl eine M\u00f6glichkeit, die nat\u00fcrliche Sch\u00f6nheit der Insel zu genie\u00dfen, als auch in ihre bewegte koloniale Vergangenheit einzutauchen. Es ist ein einzigartiges Erlebnis, das die sportliche Praxis des Wanderns mit der Entdeckung der lokalen Geschichte verbindet.<\/p>\n\n\n\n<p>Um einen Reisef\u00fchrer zu buchen mit <a href=\"https:\/\/www.vert-intense.com\/de\/aktivitat-guadeloupe\/wandern-guadeloupe\/massgeschneiderte-wanderung-guadeloupe\/ihre-wanderung\/\">Intensives Gr\u00fcn<\/a><\/p>\n\n\n\n<p>Sie m\u00f6chten auch den S\u00fcden von Basse-Terre genie\u00dfen und in \u00d6kolodges mit dem \u00d6kolabel \u00fcbernachten, dann k\u00f6nnen Sie buchen<a href=\"https:\/\/www.lesbananesvertes.fr\/fr\"> hier <\/a><\/p>\n\n\n\n<figure class=\"wp-block-image size-large\"><img data-recalc-dims=\"1\" loading=\"lazy\" decoding=\"async\" width=\"1024\" height=\"771\" src=\"https:\/\/i0.wp.com\/www.vert-intense.com\/wp-content\/uploads\/2023\/12\/20201019_110616-Copier-e1702654664824-1024x771.jpg?resize=1024%2C771&#038;ssl=1\" alt=\"\" class=\"wp-image-2536\" srcset=\"https:\/\/i0.wp.com\/www.vert-intense.com\/wp-content\/uploads\/2023\/12\/20201019_110616-Copier-e1702654664824.jpg?resize=1024%2C771&amp;ssl=1 1024w, https:\/\/i0.wp.com\/www.vert-intense.com\/wp-content\/uploads\/2023\/12\/20201019_110616-Copier-e1702654664824.jpg?resize=300%2C226&amp;ssl=1 300w, https:\/\/i0.wp.com\/www.vert-intense.com\/wp-content\/uploads\/2023\/12\/20201019_110616-Copier-e1702654664824.jpg?resize=768%2C578&amp;ssl=1 768w, https:\/\/i0.wp.com\/www.vert-intense.com\/wp-content\/uploads\/2023\/12\/20201019_110616-Copier-e1702654664824.jpg?resize=1536%2C1156&amp;ssl=1 1536w, https:\/\/i0.wp.com\/www.vert-intense.com\/wp-content\/uploads\/2023\/12\/20201019_110616-Copier-e1702654664824.jpg?resize=16%2C12&amp;ssl=1 16w, https:\/\/i0.wp.com\/www.vert-intense.com\/wp-content\/uploads\/2023\/12\/20201019_110616-Copier-e1702654664824.jpg?resize=600%2C452&amp;ssl=1 600w, https:\/\/i0.wp.com\/www.vert-intense.com\/wp-content\/uploads\/2023\/12\/20201019_110616-Copier-e1702654664824.jpg?w=1913&amp;ssl=1 1913w\" sizes=\"(max-width: 1000px) 100vw, 1000px\" \/><\/figure>","protected":false},"excerpt":{"rendered":"<p>Der Victor-Hugues-Trail in Guadeloupe f\u00fchrt durch abwechslungsreiche Landschaften, die vom Regenwald bis zu alten Zuckerplantagen reichen, und zu herrlichen Aussichtspunkten auf das Karibische Meer. Es ist ein historischer Pfad auf Guadeloupe, der es Wanderern erm\u00f6glicht, den Spuren des ehemaligen Kommissars der franz\u00f6sischen Republik, Victor Hugues, zu folgen. Diese Wanderung [...].<\/p>","protected":false},"author":7,"featured_media":2536,"comment_status":"closed","ping_status":"open","sticky":false,"template":"","format":"standard","meta":{"_jetpack_memberships_contains_paid_content":false,"footnotes":""},"categories":[110],"tags":[],"class_list":["post-1","post","type-post","status-publish","format-standard","has-post-thumbnail","hentry","category-rando-sur-mesure"],"yoast_head":"<!-- This site is optimized with the Yoast SEO Premium plugin v25.3.1 (Yoast SEO v25.3.1) - https:\/\/yoast.com\/wordpress\/plugins\/seo\/ -->\n<title>Trace Victor Hugues : Entre Histoire et Nature en Guadeloupe - Vert Intense<\/title>\n<meta name=\"description\" content=\"D\u00e9couvrez la Trace Victor Hugues en Guadeloupe : un sentier de randonn\u00e9e \u00e0 travers des paysages vari\u00e9s et charg\u00e9s d&#039;histoire coloniale.\" \/>\n<meta name=\"robots\" content=\"index, follow, max-snippet:-1, max-image-preview:large, max-video-preview:-1\" \/>\n<link rel=\"canonical\" href=\"https:\/\/www.vert-intense.com\/de\/die-spur-victor-hugues\/\" \/>\n<meta property=\"og:locale\" content=\"de_DE\" \/>\n<meta property=\"og:type\" content=\"article\" \/>\n<meta property=\"og:title\" content=\"La Trace Victor Hugues\" \/>\n<meta property=\"og:description\" content=\"D\u00e9couvrez la Trace Victor Hugues en Guadeloupe : un sentier de randonn\u00e9e \u00e0 travers des paysages vari\u00e9s et charg\u00e9s d&#039;histoire coloniale.\" \/>\n<meta property=\"og:url\" content=\"https:\/\/www.vert-intense.com\/de\/die-spur-victor-hugues\/\" \/>\n<meta property=\"og:site_name\" content=\"Vert Intense\" \/>\n<meta property=\"article:publisher\" content=\"https:\/\/www.facebook.com\/vertintense\" \/>\n<meta property=\"article:published_time\" content=\"2023-07-05T14:05:29+00:00\" \/>\n<meta property=\"article:modified_time\" content=\"2024-07-30T19:51:49+00:00\" \/>\n<meta property=\"og:image\" content=\"https:\/\/www.vert-intense.com\/wp-content\/uploads\/2023\/12\/20201019_110616-Copier-e1702654664824.jpg\" \/>\n\t<meta property=\"og:image:width\" content=\"1913\" \/>\n\t<meta property=\"og:image:height\" content=\"1440\" \/>\n\t<meta property=\"og:image:type\" content=\"image\/jpeg\" \/>\n<meta name=\"author\" content=\"Laurence BARRET\" \/>\n<meta name=\"twitter:card\" content=\"summary_large_image\" \/>\n<meta name=\"twitter:label1\" content=\"Verfasst von\" \/>\n\t<meta name=\"twitter:data1\" content=\"Laurence BARRET\" \/>\n\t<meta name=\"twitter:label2\" content=\"Gesch\u00e4tzte Lesezeit\" \/>\n\t<meta name=\"twitter:data2\" content=\"2 Minuten\" \/>\n<script type=\"application\/ld+json\" class=\"yoast-schema-graph\">{\"@context\":\"https:\/\/schema.org\",\"@graph\":[{\"@type\":\"Article\",\"@id\":\"https:\/\/www.vert-intense.com\/la-trace-victor-hugues\/#article\",\"isPartOf\":{\"@id\":\"https:\/\/www.vert-intense.com\/la-trace-victor-hugues\/\"},\"author\":{\"name\":\"Laurence BARRET\",\"@id\":\"https:\/\/www.vert-intense.com\/#\/schema\/person\/8a638fefcacbfbb921f1efcc15cb9d2a\"},\"headline\":\"La Trace Victor Hugues\",\"datePublished\":\"2023-07-05T14:05:29+00:00\",\"dateModified\":\"2024-07-30T19:51:49+00:00\",\"mainEntityOfPage\":{\"@id\":\"https:\/\/www.vert-intense.com\/la-trace-victor-hugues\/\"},\"wordCount\":142,\"publisher\":{\"@id\":\"https:\/\/www.vert-intense.com\/#organization\"},\"image\":{\"@id\":\"https:\/\/www.vert-intense.com\/la-trace-victor-hugues\/#primaryimage\"},\"thumbnailUrl\":\"https:\/\/i0.wp.com\/www.vert-intense.com\/wp-content\/uploads\/2023\/12\/20201019_110616-Copier-e1702654664824.jpg?fit=1913%2C1440&ssl=1\",\"articleSection\":[\"Randonn\u00e9es\"],\"inLanguage\":\"de\"},{\"@type\":\"WebPage\",\"@id\":\"https:\/\/www.vert-intense.com\/la-trace-victor-hugues\/\",\"url\":\"https:\/\/www.vert-intense.com\/la-trace-victor-hugues\/\",\"name\":\"Trace Victor Hugues : Entre Histoire et Nature en Guadeloupe - Vert Intense\",\"isPartOf\":{\"@id\":\"https:\/\/www.vert-intense.com\/#website\"},\"primaryImageOfPage\":{\"@id\":\"https:\/\/www.vert-intense.com\/la-trace-victor-hugues\/#primaryimage\"},\"image\":{\"@id\":\"https:\/\/www.vert-intense.com\/la-trace-victor-hugues\/#primaryimage\"},\"thumbnailUrl\":\"https:\/\/i0.wp.com\/www.vert-intense.com\/wp-content\/uploads\/2023\/12\/20201019_110616-Copier-e1702654664824.jpg?fit=1913%2C1440&ssl=1\",\"datePublished\":\"2023-07-05T14:05:29+00:00\",\"dateModified\":\"2024-07-30T19:51:49+00:00\",\"description\":\"D\u00e9couvrez la Trace Victor Hugues en Guadeloupe : un sentier de randonn\u00e9e \u00e0 travers des paysages vari\u00e9s et charg\u00e9s d'histoire coloniale.\",\"breadcrumb\":{\"@id\":\"https:\/\/www.vert-intense.com\/la-trace-victor-hugues\/#breadcrumb\"},\"inLanguage\":\"de\",\"potentialAction\":[{\"@type\":\"ReadAction\",\"target\":[\"https:\/\/www.vert-intense.com\/la-trace-victor-hugues\/\"]}]},{\"@type\":\"ImageObject\",\"inLanguage\":\"de\",\"@id\":\"https:\/\/www.vert-intense.com\/la-trace-victor-hugues\/#primaryimage\",\"url\":\"https:\/\/i0.wp.com\/www.vert-intense.com\/wp-content\/uploads\/2023\/12\/20201019_110616-Copier-e1702654664824.jpg?fit=1913%2C1440&ssl=1\",\"contentUrl\":\"https:\/\/i0.wp.com\/www.vert-intense.com\/wp-content\/uploads\/2023\/12\/20201019_110616-Copier-e1702654664824.jpg?fit=1913%2C1440&ssl=1\",\"width\":1913,\"height\":1440,\"caption\":\"randonn\u00e9e Trace Victor Hugues Guadeloupe\"},{\"@type\":\"BreadcrumbList\",\"@id\":\"https:\/\/www.vert-intense.com\/la-trace-victor-hugues\/#breadcrumb\",\"itemListElement\":[{\"@type\":\"ListItem\",\"position\":1,\"name\":\"Accueil\",\"item\":\"https:\/\/www.vert-intense.com\/\"},{\"@type\":\"ListItem\",\"position\":2,\"name\":\"La Trace Victor Hugues\"}]},{\"@type\":\"WebSite\",\"@id\":\"https:\/\/www.vert-intense.com\/#website\",\"url\":\"https:\/\/www.vert-intense.com\/\",\"name\":\"Vert-Intense\",\"description\":\"R\u00e9servez vos activit\u00e9s d\u00e9couvertes en Guadeloupe\",\"publisher\":{\"@id\":\"https:\/\/www.vert-intense.com\/#organization\"},\"potentialAction\":[{\"@type\":\"SearchAction\",\"target\":{\"@type\":\"EntryPoint\",\"urlTemplate\":\"https:\/\/www.vert-intense.com\/?s={search_term_string}\"},\"query-input\":{\"@type\":\"PropertyValueSpecification\",\"valueRequired\":true,\"valueName\":\"search_term_string\"}}],\"inLanguage\":\"de\"},{\"@type\":\"Organization\",\"@id\":\"https:\/\/www.vert-intense.com\/#organization\",\"name\":\"Vert-Intense\",\"url\":\"https:\/\/www.vert-intense.com\/\",\"logo\":{\"@type\":\"ImageObject\",\"inLanguage\":\"de\",\"@id\":\"https:\/\/www.vert-intense.com\/#\/schema\/logo\/image\/\",\"url\":\"https:\/\/i0.wp.com\/www.vert-intense.com\/wp-content\/uploads\/2023\/07\/logo.png?fit=960%2C960&ssl=1\",\"contentUrl\":\"https:\/\/i0.wp.com\/www.vert-intense.com\/wp-content\/uploads\/2023\/07\/logo.png?fit=960%2C960&ssl=1\",\"width\":960,\"height\":960,\"caption\":\"Vert-Intense\"},\"image\":{\"@id\":\"https:\/\/www.vert-intense.com\/#\/schema\/logo\/image\/\"},\"sameAs\":[\"https:\/\/www.facebook.com\/vertintense\",\"https:\/\/www.tripadvisor.fr\/Attraction_Review-g1644623-d1649481-Reviews-Vert_Intense-Saint_Claude_Basse_Terre_Island_Guadeloupe.html\",\"https:\/\/www.tiktok.com\/@vertintense\",\"https:\/\/www.instagram.com\/vertintenseguadeloupe\/\",\"https:\/\/www.youtube.com\/channel\/UCRymXR1Pa7n50AOgFy9n3bA\"]},{\"@type\":\"Person\",\"@id\":\"https:\/\/www.vert-intense.com\/#\/schema\/person\/8a638fefcacbfbb921f1efcc15cb9d2a\",\"name\":\"Laurence BARRET\",\"image\":{\"@type\":\"ImageObject\",\"inLanguage\":\"de\",\"@id\":\"https:\/\/www.vert-intense.com\/#\/schema\/person\/image\/\",\"url\":\"https:\/\/secure.gravatar.com\/avatar\/77cb14d7ce39170787b462fbab96bf8c?s=96&d=mm&r=g\",\"contentUrl\":\"https:\/\/secure.gravatar.com\/avatar\/77cb14d7ce39170787b462fbab96bf8c?s=96&d=mm&r=g\",\"caption\":\"Laurence BARRET\"},\"url\":\"https:\/\/www.vert-intense.com\/de\/author\/laurence\/\"}]}<\/script>\n<!-- \/ Yoast SEO Premium plugin. -->","yoast_head_json":{"title":"Trace Victor Hugues : Zwischen Geschichte und Natur in Guadeloupe - Intense Green","description":"Entdecken Sie den Victor-Hugues-Trail auf Guadeloupe: ein Wanderweg durch abwechslungsreiche Landschaften, die von der Kolonialgeschichte gepr\u00e4gt sind.","robots":{"index":"index","follow":"follow","max-snippet":"max-snippet:-1","max-image-preview":"max-image-preview:large","max-video-preview":"max-video-preview:-1"},"canonical":"https:\/\/www.vert-intense.com\/de\/die-spur-victor-hugues\/","og_locale":"de_DE","og_type":"article","og_title":"La Trace Victor Hugues","og_description":"D\u00e9couvrez la Trace Victor Hugues en Guadeloupe : un sentier de randonn\u00e9e \u00e0 travers des paysages vari\u00e9s et charg\u00e9s d'histoire coloniale.","og_url":"https:\/\/www.vert-intense.com\/de\/die-spur-victor-hugues\/","og_site_name":"Vert Intense","article_publisher":"https:\/\/www.facebook.com\/vertintense","article_published_time":"2023-07-05T14:05:29+00:00","article_modified_time":"2024-07-30T19:51:49+00:00","og_image":[{"width":1913,"height":1440,"url":"https:\/\/www.vert-intense.com\/wp-content\/uploads\/2023\/12\/20201019_110616-Copier-e1702654664824.jpg","type":"image\/jpeg"}],"author":"Laurence BARRET","twitter_card":"summary_large_image","twitter_misc":{"Verfasst von":"Laurence BARRET","Gesch\u00e4tzte Lesezeit":"2 Minuten"},"schema":{"@context":"https:\/\/schema.org","@graph":[{"@type":"Article","@id":"https:\/\/www.vert-intense.com\/la-trace-victor-hugues\/#article","isPartOf":{"@id":"https:\/\/www.vert-intense.com\/la-trace-victor-hugues\/"},"author":{"name":"Laurence BARRET","@id":"https:\/\/www.vert-intense.com\/#\/schema\/person\/8a638fefcacbfbb921f1efcc15cb9d2a"},"headline":"La Trace Victor Hugues","datePublished":"2023-07-05T14:05:29+00:00","dateModified":"2024-07-30T19:51:49+00:00","mainEntityOfPage":{"@id":"https:\/\/www.vert-intense.com\/la-trace-victor-hugues\/"},"wordCount":142,"publisher":{"@id":"https:\/\/www.vert-intense.com\/#organization"},"image":{"@id":"https:\/\/www.vert-intense.com\/la-trace-victor-hugues\/#primaryimage"},"thumbnailUrl":"https:\/\/i0.wp.com\/www.vert-intense.com\/wp-content\/uploads\/2023\/12\/20201019_110616-Copier-e1702654664824.jpg?fit=1913%2C1440&ssl=1","articleSection":["Randonn\u00e9es"],"inLanguage":"de"},{"@type":"WebPage","@id":"https:\/\/www.vert-intense.com\/la-trace-victor-hugues\/","url":"https:\/\/www.vert-intense.com\/la-trace-victor-hugues\/","name":"Trace Victor Hugues : Zwischen Geschichte und Natur in Guadeloupe - Intense Green","isPartOf":{"@id":"https:\/\/www.vert-intense.com\/#website"},"primaryImageOfPage":{"@id":"https:\/\/www.vert-intense.com\/la-trace-victor-hugues\/#primaryimage"},"image":{"@id":"https:\/\/www.vert-intense.com\/la-trace-victor-hugues\/#primaryimage"},"thumbnailUrl":"https:\/\/i0.wp.com\/www.vert-intense.com\/wp-content\/uploads\/2023\/12\/20201019_110616-Copier-e1702654664824.jpg?fit=1913%2C1440&ssl=1","datePublished":"2023-07-05T14:05:29+00:00","dateModified":"2024-07-30T19:51:49+00:00","description":"Entdecken Sie den Victor-Hugues-Trail auf Guadeloupe: ein Wanderweg durch abwechslungsreiche Landschaften, die von der Kolonialgeschichte gepr\u00e4gt sind.","breadcrumb":{"@id":"https:\/\/www.vert-intense.com\/la-trace-victor-hugues\/#breadcrumb"},"inLanguage":"de","potentialAction":[{"@type":"ReadAction","target":["https:\/\/www.vert-intense.com\/la-trace-victor-hugues\/"]}]},{"@type":"ImageObject","inLanguage":"de","@id":"https:\/\/www.vert-intense.com\/la-trace-victor-hugues\/#primaryimage","url":"https:\/\/i0.wp.com\/www.vert-intense.com\/wp-content\/uploads\/2023\/12\/20201019_110616-Copier-e1702654664824.jpg?fit=1913%2C1440&ssl=1","contentUrl":"https:\/\/i0.wp.com\/www.vert-intense.com\/wp-content\/uploads\/2023\/12\/20201019_110616-Copier-e1702654664824.jpg?fit=1913%2C1440&ssl=1","width":1913,"height":1440,"caption":"randonn\u00e9e Trace Victor Hugues Guadeloupe"},{"@type":"BreadcrumbList","@id":"https:\/\/www.vert-intense.com\/la-trace-victor-hugues\/#breadcrumb","itemListElement":[{"@type":"ListItem","position":1,"name":"Accueil","item":"https:\/\/www.vert-intense.com\/"},{"@type":"ListItem","position":2,"name":"La Trace Victor Hugues"}]},{"@type":"WebSite","@id":"https:\/\/www.vert-intense.com\/#website","url":"https:\/\/www.vert-intense.com\/","name":"Gr\u00fcn-Intensiv","description":"Buchen Sie Ihre Entdeckungsreisen in Guadeloupe","publisher":{"@id":"https:\/\/www.vert-intense.com\/#organization"},"potentialAction":[{"@type":"SearchAction","target":{"@type":"EntryPoint","urlTemplate":"https:\/\/www.vert-intense.com\/?s={search_term_string}"},"query-input":{"@type":"PropertyValueSpecification","valueRequired":true,"valueName":"search_term_string"}}],"inLanguage":"de"},{"@type":"Organization","@id":"https:\/\/www.vert-intense.com\/#organization","name":"Gr\u00fcn-Intensiv","url":"https:\/\/www.vert-intense.com\/","logo":{"@type":"ImageObject","inLanguage":"de","@id":"https:\/\/www.vert-intense.com\/#\/schema\/logo\/image\/","url":"https:\/\/i0.wp.com\/www.vert-intense.com\/wp-content\/uploads\/2023\/07\/logo.png?fit=960%2C960&ssl=1","contentUrl":"https:\/\/i0.wp.com\/www.vert-intense.com\/wp-content\/uploads\/2023\/07\/logo.png?fit=960%2C960&ssl=1","width":960,"height":960,"caption":"Vert-Intense"},"image":{"@id":"https:\/\/www.vert-intense.com\/#\/schema\/logo\/image\/"},"sameAs":["https:\/\/www.facebook.com\/vertintense","https:\/\/www.tripadvisor.fr\/Attraction_Review-g1644623-d1649481-Reviews-Vert_Intense-Saint_Claude_Basse_Terre_Island_Guadeloupe.html","https:\/\/www.tiktok.com\/@vertintense","https:\/\/www.instagram.com\/vertintenseguadeloupe\/","https:\/\/www.youtube.com\/channel\/UCRymXR1Pa7n50AOgFy9n3bA"]},{"@type":"Person","@id":"https:\/\/www.vert-intense.com\/#\/schema\/person\/8a638fefcacbfbb921f1efcc15cb9d2a","name":"Laurence BARRET","image":{"@type":"ImageObject","inLanguage":"de","@id":"https:\/\/www.vert-intense.com\/#\/schema\/person\/image\/","url":"https:\/\/secure.gravatar.com\/avatar\/77cb14d7ce39170787b462fbab96bf8c?s=96&d=mm&r=g","contentUrl":"https:\/\/secure.gravatar.com\/avatar\/77cb14d7ce39170787b462fbab96bf8c?s=96&d=mm&r=g","caption":"Laurence BARRET"},"url":"https:\/\/www.vert-intense.com\/de\/author\/laurence\/"}]}},"jetpack_featured_media_url":"https:\/\/i0.wp.com\/www.vert-intense.com\/wp-content\/uploads\/2023\/12\/20201019_110616-Copier-e1702654664824.jpg?fit=1913%2C1440&ssl=1","jetpack_sharing_enabled":true,"_links":{"self":[{"href":"https:\/\/www.vert-intense.com\/de\/wp-json\/wp\/v2\/posts\/1"}],"collection":[{"href":"https:\/\/www.vert-intense.com\/de\/wp-json\/wp\/v2\/posts"}],"about":[{"href":"https:\/\/www.vert-intense.com\/de\/wp-json\/wp\/v2\/types\/post"}],"author":[{"embeddable":true,"href":"https:\/\/www.vert-intense.com\/de\/wp-json\/wp\/v2\/users\/7"}],"replies":[{"embeddable":true,"href":"https:\/\/www.vert-intense.com\/de\/wp-json\/wp\/v2\/comments?post=1"}],"version-history":[{"count":5,"href":"https:\/\/www.vert-intense.com\/de\/wp-json\/wp\/v2\/posts\/1\/revisions"}],"predecessor-version":[{"id":4425,"href":"https:\/\/www.vert-intense.com\/de\/wp-json\/wp\/v2\/posts\/1\/revisions\/4425"}],"wp:featuredmedia":[{"embeddable":true,"href":"https:\/\/www.vert-intense.com\/de\/wp-json\/wp\/v2\/media\/2536"}],"wp:attachment":[{"href":"https:\/\/www.vert-intense.com\/de\/wp-json\/wp\/v2\/media?parent=1"}],"wp:term":[{"taxonomy":"category","embeddable":true,"href":"https:\/\/www.vert-intense.com\/de\/wp-json\/wp\/v2\/categories?post=1"},{"taxonomy":"post_tag","embeddable":true,"href":"https:\/\/www.vert-intense.com\/de\/wp-json\/wp\/v2\/tags?post=1"}],"curies":[{"name":"wp","href":"https:\/\/api.w.org\/{rel}","templated":true}]}}